{"id":7240,"date":"2025-10-13T17:29:43","date_gmt":"2025-10-13T15:29:43","guid":{"rendered":"https:\/\/www.lebreuilbourgogne.fr\/?p=7240"},"modified":"2025-10-13T17:29:52","modified_gmt":"2025-10-13T15:29:52","slug":"arretes-temporaires-route-du-bois-de-lauverne-et-rue-de-montcoy","status":"publish","type":"post","link":"https:\/\/www.lebreuilbourgogne.fr\/index.php\/2025\/10\/13\/arretes-temporaires-route-du-bois-de-lauverne-et-rue-de-montcoy\/","title":{"rendered":"ARRETES TEMPORAIRES &#8211; ROUTE DU BOIS DE LAUVERNE ET RUE DE MONTCOY"},"content":{"rendered":"\n<div data-wp-interactive=\"core\/file\" class=\"wp-block-file\"><object data-wp-bind--hidden=\"!state.hasPdfPreview\" hidden class=\"wp-block-file__embed\" data=\"https:\/\/www.lebreuilbourgogne.fr\/wp-content\/uploads\/2025\/10\/Vegetaille-route-du-Bois-de-Lauverne-15.10.2025-arrete.pdf\" type=\"application\/pdf\" style=\"width:100%;height:600px\" aria-label=\"Contenu embarqu\u00e9 V\u00e9g\u00e9taille - route du Bois de Lauverne - 15.10.2025 (arr\u00eat\u00e9).\"><\/object><a id=\"wp-block-file--media-09a55a79-45c3-446a-990f-b43936ec4dea\" href=\"https:\/\/www.lebreuilbourgogne.fr\/wp-content\/uploads\/2025\/10\/Vegetaille-route-du-Bois-de-Lauverne-15.10.2025-arrete.pdf\">V\u00e9g\u00e9taille &#8211; route du Bois de Lauverne &#8211; 15.10.2025 (arr\u00eat\u00e9)<\/a><a href=\"https:\/\/www.lebreuilbourgogne.fr\/wp-content\/uploads\/2025\/10\/Vegetaille-route-du-Bois-de-Lauverne-15.10.2025-arrete.pdf\" class=\"wp-block-file__button wp-element-button\" download aria-describedby=\"wp-block-file--media-09a55a79-45c3-446a-990f-b43936ec4dea\">T\u00e9l\u00e9charger<\/a><\/div>\n\n\n\n<div data-wp-interactive=\"core\/file\" class=\"wp-block-file\"><object data-wp-bind--hidden=\"!state.hasPdfPreview\" hidden class=\"wp-block-file__embed\" data=\"https:\/\/www.lebreuilbourgogne.fr\/wp-content\/uploads\/2025\/10\/Vegetaille-route-de-Montcoy-15.10.2025-arrete.pdf\" type=\"application\/pdf\" style=\"width:100%;height:600px\" aria-label=\"Contenu embarqu\u00e9 V\u00e9g\u00e9taille - route de Montcoy - 15.10.2025 (arr\u00eat\u00e9).\"><\/object><a id=\"wp-block-file--media-30950109-fea9-466e-a130-e30dc9030d1b\" href=\"https:\/\/www.lebreuilbourgogne.fr\/wp-content\/uploads\/2025\/10\/Vegetaille-route-de-Montcoy-15.10.2025-arrete.pdf\">V\u00e9g\u00e9taille &#8211; route de Montcoy &#8211; 15.10.2025 (arr\u00eat\u00e9)<\/a><a href=\"https:\/\/www.lebreuilbourgogne.fr\/wp-content\/uploads\/2025\/10\/Vegetaille-route-de-Montcoy-15.10.2025-arrete.pdf\" class=\"wp-block-file__button wp-element-button\" download aria-describedby=\"wp-block-file--media-30950109-fea9-466e-a130-e30dc9030d1b\">T\u00e9l\u00e9charger<\/a><\/div>\n","protected":false},"excerpt":{"rendered":"","protected":false},"author":2,"featured_media":4961,"comment_status":"closed","ping_status":"closed","sticky":false,"template":"","format":"standard","meta":{"_monsterinsights_skip_tracking":false,"_monsterinsights_sitenote_active":false,"_monsterinsights_sitenote_note":"","_monsterinsights_sitenote_category":0,"site-sidebar-layout":"default","site-content-layout":"","ast-site-content-layout":"default","site-content-style":"default","site-sidebar-style":"default","ast-global-header-display":"","ast-banner-title-visibility":"","ast-main-header-display":"","ast-hfb-above-header-display":"","ast-hfb-below-header-display":"","ast-hfb-mobile-header-display":"","site-post-title":"","ast-breadcrumbs-content":"","ast-featured-img":"","footer-sml-layout":"","theme-transparent-header-meta":"","adv-header-id-meta":"","stick-header-meta":"","header-above-stick-meta":"","header-main-stick-meta":"","header-below-stick-meta":"","astra-migrate-meta-layouts":"default","ast-page-background-enabled":"default","ast-page-background-meta":{"desktop":{"background-color":"var(--ast-global-color-4)","background-image":"","background-repeat":"repeat","background-position":"center center","background-size":"auto","background-attachment":"scroll","background-type":"","background-media":"","overlay-type":"","overlay-color":"","overlay-opacity":"","overlay-gradient":""},"tablet":{"background-color":"","background-image":"","background-repeat":"repeat","background-position":"center center","background-size":"auto","background-attachment":"scroll","background-type":"","background-media":"","overlay-type":"","overlay-color":"","overlay-opacity":"","overlay-gradient":""},"mobile":{"background-color":"","background-image":"","background-repeat":"repeat","background-position":"center center","background-size":"auto","background-attachment":"scroll","background-type":"","background-media":"","overlay-type":"","overlay-color":"","overlay-opacity":"","overlay-gradient":""}},"ast-content-background-meta":{"desktop":{"background-color":"var(--ast-global-color-5)","background-image":"","background-repeat":"repeat","background-position":"center center","background-size":"auto","background-attachment":"scroll","background-type":"","background-media":"","overlay-type":"","overlay-color":"","overlay-opacity":"","overlay-gradient":""},"tablet":{"background-color":"var(--ast-global-color-5)","background-image":"","background-repeat":"repeat","background-position":"center center","background-size":"auto","background-attachment":"scroll","background-type":"","background-media":"","overlay-type":"","overlay-color":"","overlay-opacity":"","overlay-gradient":""},"mobile":{"background-color":"var(--ast-global-color-5)","background-image":"","background-repeat":"repeat","background-position":"center center","background-size":"auto","background-attachment":"scroll","background-type":"","background-media":"","overlay-type":"","overlay-color":"","overlay-opacity":"","overlay-gradient":""}},"_EventAllDay":false,"_EventTimezone":"","_EventStartDate":"","_EventEndDate":"","_EventStartDateUTC":"","_EventEndDateUTC":"","_EventShowMap":false,"_EventShowMapLink":false,"_EventURL":"","_EventCost":"","_EventCostDescription":"","_EventCurrencySymbol":"","_EventCurrencyCode":"","_EventCurrencyPosition":"","_EventDateTimeSeparator":"","_EventTimeRangeSeparator":"","_EventOrganizerID":[],"_EventVenueID":[],"_OrganizerEmail":"","_OrganizerPhone":"","_OrganizerWebsite":"","_VenueAddress":"","_VenueCity":"","_VenueCountry":"","_VenueProvince":"","_VenueState":"","_VenueZip":"","_VenuePhone":"","_VenueURL":"","_VenueStateProvince":"","_VenueLat":"","_VenueLng":"","_VenueShowMap":false,"_VenueShowMapLink":false,"footnotes":""},"categories":[67,1],"tags":[],"class_list":["post-7240","post","type-post","status-publish","format-standard","has-post-thumbnail","hentry","category-arretes-temporaires","category-non-classe"],"_links":{"self":[{"href":"https:\/\/www.lebreuilbourgogne.fr\/index.php\/wp-json\/wp\/v2\/posts\/7240","targetHints":{"allow":["GET"]}}],"collection":[{"href":"https:\/\/www.lebreuilbourgogne.fr\/index.php\/wp-json\/wp\/v2\/posts"}],"about":[{"href":"https:\/\/www.lebreuilbourgogne.fr\/index.php\/wp-json\/wp\/v2\/types\/post"}],"author":[{"embeddable":true,"href":"https:\/\/www.lebreuilbourgogne.fr\/index.php\/wp-json\/wp\/v2\/users\/2"}],"replies":[{"embeddable":true,"href":"https:\/\/www.lebreuilbourgogne.fr\/index.php\/wp-json\/wp\/v2\/comments?post=7240"}],"version-history":[{"count":1,"href":"https:\/\/www.lebreuilbourgogne.fr\/index.php\/wp-json\/wp\/v2\/posts\/7240\/revisions"}],"predecessor-version":[{"id":7243,"href":"https:\/\/www.lebreuilbourgogne.fr\/index.php\/wp-json\/wp\/v2\/posts\/7240\/revisions\/7243"}],"wp:featuredmedia":[{"embeddable":true,"href":"https:\/\/www.lebreuilbourgogne.fr\/index.php\/wp-json\/wp\/v2\/media\/4961"}],"wp:attachment":[{"href":"https:\/\/www.lebreuilbourgogne.fr\/index.php\/wp-json\/wp\/v2\/media?parent=7240"}],"wp:term":[{"taxonomy":"category","embeddable":true,"href":"https:\/\/www.lebreuilbourgogne.fr\/index.php\/wp-json\/wp\/v2\/categories?post=7240"},{"taxonomy":"post_tag","embeddable":true,"href":"https:\/\/www.lebreuilbourgogne.fr\/index.php\/wp-json\/wp\/v2\/tags?post=7240"}],"curies":[{"name":"wp","href":"https:\/\/api.w.org\/{rel}","templated":true}]}}