{"id":7302,"date":"2025-10-23T09:48:12","date_gmt":"2025-10-23T07:48:12","guid":{"rendered":"https:\/\/www.lebreuilbourgogne.fr\/?p=7302"},"modified":"2025-10-23T09:48:12","modified_gmt":"2025-10-23T07:48:12","slug":"information-asso71","status":"publish","type":"post","link":"https:\/\/www.lebreuilbourgogne.fr\/index.php\/2025\/10\/23\/information-asso71\/","title":{"rendered":"Information Asso71"},"content":{"rendered":"\n<p>Le D\u00e9partement et son service Asso71 organisent prochainement une s\u00e9rie de permanences de proximit\u00e9 \u00e0 destination des associations du D\u00e9partement.<\/p>\n\n\n\n<p>Les dirigeants associatifs pourront prendre rendez-vous individuellement avec les agents du service Asso71, au plus pr\u00e8s de chez eux. Ces temps d&rsquo;\u00e9change auront pour objectifs d&rsquo;informer et conseiller le dirigeants associatifs de mani\u00e8re personnalis\u00e9e et de leur pr\u00e9senter le centre de ressources d&rsquo;Asso71 notamment les outils disponibles en ligne.<\/p>\n\n\n\n<p>Ces permanences se tiendront <strong>du 19 novembre au 5 d\u00e9cembre<\/strong> 2025, dans <strong>9 commune<\/strong>s du d\u00e9partement :<\/p>\n\n\n\n<p>&#8211; Mercredi 19 novembre \u00e0 la Maison d\u00e9partementale des solidarit\u00e9s de PIERRE DE BRESSE<\/p>\n\n\n\n<p>&#8211; Jeudi 20 novembre \u00e0 la Maison d\u00e9partementale des solidarit\u00e9s de LOUHANS<\/p>\n\n\n\n<p>&#8211; Vendredi 21 novembre au Coll\u00e8ge Louise Michel de CHAGNY<\/p>\n\n\n\n<p>&#8211; Mardi 25 novembre \u00e0 la Maison locale de l&rsquo;autonomie de PARAY-LE-MONIAL<\/p>\n\n\n\n<p>&#8211; Mercredi 26 novembre au Coll\u00e8ge Claude Gabriel Bouthi\u00e8re d&rsquo;ETANG-SUR-ARROUX<\/p>\n\n\n\n<p>&#8211; Jeudi 27 novembre \u00e0 la Maison d\u00e9partementale des solidarit\u00e9s de SENNECEY-LE-GRAND<\/p>\n\n\n\n<p>&#8211; Lundi 1er d\u00e9cembre au Coll\u00e8ge Anne Frank de MONTCHANIN<\/p>\n\n\n\n<p>&#8211; Jeudi 4 d\u00e9cembre \u00e0 la&nbsp;Maison d\u00e9partementale des solidarit\u00e9s de LA CLAYETTE<\/p>\n\n\n\n<p>&#8211; Vendredi 5 d\u00e9cembre au Coll\u00e8ge Jorge Semprun de GUEUGNON<\/p>\n\n\n\n<div data-wp-interactive=\"core\/file\" class=\"wp-block-file\"><object data-wp-bind--hidden=\"!state.hasPdfPreview\" hidden class=\"wp-block-file__embed\" data=\"https:\/\/www.lebreuilbourgogne.fr\/wp-content\/uploads\/2025\/10\/7-A5-PermanencesChezVous-Asso71.pdf\" type=\"application\/pdf\" style=\"width:100%;height:600px\" aria-label=\"Contenu embarqu\u00e9 7-A5-PermanencesChezVous-Asso71.\"><\/object><a id=\"wp-block-file--media-90af8291-ad74-4804-a724-c0f379fe3ba1\" href=\"https:\/\/www.lebreuilbourgogne.fr\/wp-content\/uploads\/2025\/10\/7-A5-PermanencesChezVous-Asso71.pdf\">7-A5-PermanencesChezVous-Asso71<\/a><a href=\"https:\/\/www.lebreuilbourgogne.fr\/wp-content\/uploads\/2025\/10\/7-A5-PermanencesChezVous-Asso71.pdf\" class=\"wp-block-file__button wp-element-button\" download aria-describedby=\"wp-block-file--media-90af8291-ad74-4804-a724-c0f379fe3ba1\">T\u00e9l\u00e9charger<\/a><\/div>\n","protected":false},"excerpt":{"rendered":"<p>Le D\u00e9partement et son service Asso71 organisent prochainement une s\u00e9rie de permanences de proximit\u00e9 \u00e0 destination des associations du D\u00e9partement. Les dirigeants associatifs pourront prendre rendez-vous individuellement avec les agents [&hellip;]<\/p>\n","protected":false},"author":2,"featured_media":7304,"comment_status":"closed","ping_status":"closed","sticky":false,"template":"","format":"standard","meta":{"_monsterinsights_skip_tracking":false,"_monsterinsights_sitenote_active":false,"_monsterinsights_sitenote_note":"","_monsterinsights_sitenote_category":0,"site-sidebar-layout":"default","site-content-layout":"","ast-site-content-layout":"default","site-content-style":"default","site-sidebar-style":"default","ast-global-header-display":"","ast-banner-title-visibility":"","ast-main-header-display":"","ast-hfb-above-header-display":"","ast-hfb-below-header-display":"","ast-hfb-mobile-header-display":"","site-post-title":"","ast-breadcrumbs-content":"","ast-featured-img":"","footer-sml-layout":"","theme-transparent-header-meta":"","adv-header-id-meta":"","stick-header-meta":"","header-above-stick-meta":"","header-main-stick-meta":"","header-below-stick-meta":"","astra-migrate-meta-layouts":"default","ast-page-background-enabled":"default","ast-page-background-meta":{"desktop":{"background-color":"var(--ast-global-color-4)","background-image":"","background-repeat":"repeat","background-position":"center center","background-size":"auto","background-attachment":"scroll","background-type":"","background-media":"","overlay-type":"","overlay-color":"","overlay-opacity":"","overlay-gradient":""},"tablet":{"background-color":"","background-image":"","background-repeat":"repeat","background-position":"center center","background-size":"auto","background-attachment":"scroll","background-type":"","background-media":"","overlay-type":"","overlay-color":"","overlay-opacity":"","overlay-gradient":""},"mobile":{"background-color":"","background-image":"","background-repeat":"repeat","background-position":"center center","background-size":"auto","background-attachment":"scroll","background-type":"","background-media":"","overlay-type":"","overlay-color":"","overlay-opacity":"","overlay-gradient":""}},"ast-content-background-meta":{"desktop":{"background-color":"var(--ast-global-color-5)","background-image":"","background-repeat":"repeat","background-position":"center center","background-size":"auto","background-attachment":"scroll","background-type":"","background-media":"","overlay-type":"","overlay-color":"","overlay-opacity":"","overlay-gradient":""},"tablet":{"background-color":"var(--ast-global-color-5)","background-image":"","background-repeat":"repeat","background-position":"center center","background-size":"auto","background-attachment":"scroll","background-type":"","background-media":"","overlay-type":"","overlay-color":"","overlay-opacity":"","overlay-gradient":""},"mobile":{"background-color":"var(--ast-global-color-5)","background-image":"","background-repeat":"repeat","background-position":"center center","background-size":"auto","background-attachment":"scroll","background-type":"","background-media":"","overlay-type":"","overlay-color":"","overlay-opacity":"","overlay-gradient":""}},"_EventAllDay":false,"_EventTimezone":"","_EventStartDate":"","_EventEndDate":"","_EventStartDateUTC":"","_EventEndDateUTC":"","_EventShowMap":false,"_EventShowMapLink":false,"_EventURL":"","_EventCost":"","_EventCostDescription":"","_EventCurrencySymbol":"","_EventCurrencyCode":"","_EventCurrencyPosition":"","_EventDateTimeSeparator":"","_EventTimeRangeSeparator":"","_EventOrganizerID":[],"_EventVenueID":[],"_OrganizerEmail":"","_OrganizerPhone":"","_OrganizerWebsite":"","_VenueAddress":"","_VenueCity":"","_VenueCountry":"","_VenueProvince":"","_VenueState":"","_VenueZip":"","_VenuePhone":"","_VenueURL":"","_VenueStateProvince":"","_VenueLat":"","_VenueLng":"","_VenueShowMap":false,"_VenueShowMapLink":false,"footnotes":""},"categories":[56,64],"tags":[],"class_list":["post-7302","post","type-post","status-publish","format-standard","has-post-thumbnail","hentry","category-actualite","category-associations"],"_links":{"self":[{"href":"https:\/\/www.lebreuilbourgogne.fr\/index.php\/wp-json\/wp\/v2\/posts\/7302","targetHints":{"allow":["GET"]}}],"collection":[{"href":"https:\/\/www.lebreuilbourgogne.fr\/index.php\/wp-json\/wp\/v2\/posts"}],"about":[{"href":"https:\/\/www.lebreuilbourgogne.fr\/index.php\/wp-json\/wp\/v2\/types\/post"}],"author":[{"embeddable":true,"href":"https:\/\/www.lebreuilbourgogne.fr\/index.php\/wp-json\/wp\/v2\/users\/2"}],"replies":[{"embeddable":true,"href":"https:\/\/www.lebreuilbourgogne.fr\/index.php\/wp-json\/wp\/v2\/comments?post=7302"}],"version-history":[{"count":1,"href":"https:\/\/www.lebreuilbourgogne.fr\/index.php\/wp-json\/wp\/v2\/posts\/7302\/revisions"}],"predecessor-version":[{"id":7305,"href":"https:\/\/www.lebreuilbourgogne.fr\/index.php\/wp-json\/wp\/v2\/posts\/7302\/revisions\/7305"}],"wp:featuredmedia":[{"embeddable":true,"href":"https:\/\/www.lebreuilbourgogne.fr\/index.php\/wp-json\/wp\/v2\/media\/7304"}],"wp:attachment":[{"href":"https:\/\/www.lebreuilbourgogne.fr\/index.php\/wp-json\/wp\/v2\/media?parent=7302"}],"wp:term":[{"taxonomy":"category","embeddable":true,"href":"https:\/\/www.lebreuilbourgogne.fr\/index.php\/wp-json\/wp\/v2\/categories?post=7302"},{"taxonomy":"post_tag","embeddable":true,"href":"https:\/\/www.lebreuilbourgogne.fr\/index.php\/wp-json\/wp\/v2\/tags?post=7302"}],"curies":[{"name":"wp","href":"https:\/\/api.w.org\/{rel}","templated":true}]}}