{"id":7402,"date":"2025-11-17T11:37:38","date_gmt":"2025-11-17T10:37:38","guid":{"rendered":"https:\/\/www.lebreuilbourgogne.fr\/?p=7402"},"modified":"2025-11-19T11:56:21","modified_gmt":"2025-11-19T10:56:21","slug":"telethon-2025","status":"publish","type":"post","link":"https:\/\/www.lebreuilbourgogne.fr\/index.php\/2025\/11\/17\/telethon-2025\/","title":{"rendered":"T\u00e9l\u00e9thon 2025 &#8211; D\u00e9couvrez le programme !"},"content":{"rendered":"\n<figure class=\"wp-block-image aligncenter size-large\"><img loading=\"lazy\" decoding=\"async\" width=\"1024\" height=\"342\" src=\"https:\/\/www.lebreuilbourgogne.fr\/wp-content\/uploads\/2025\/11\/BANDEAU-SITE-WEB-Telethon-2025-1024x342.jpg\" alt=\"\" class=\"wp-image-7446\" srcset=\"https:\/\/www.lebreuilbourgogne.fr\/wp-content\/uploads\/2025\/11\/BANDEAU-SITE-WEB-Telethon-2025-1024x342.jpg 1024w, https:\/\/www.lebreuilbourgogne.fr\/wp-content\/uploads\/2025\/11\/BANDEAU-SITE-WEB-Telethon-2025-300x100.jpg 300w, https:\/\/www.lebreuilbourgogne.fr\/wp-content\/uploads\/2025\/11\/BANDEAU-SITE-WEB-Telethon-2025-768x256.jpg 768w, https:\/\/www.lebreuilbourgogne.fr\/wp-content\/uploads\/2025\/11\/BANDEAU-SITE-WEB-Telethon-2025-1536x513.jpg 1536w, https:\/\/www.lebreuilbourgogne.fr\/wp-content\/uploads\/2025\/11\/BANDEAU-SITE-WEB-Telethon-2025-2048x684.jpg 2048w, https:\/\/www.lebreuilbourgogne.fr\/wp-content\/uploads\/2025\/11\/BANDEAU-SITE-WEB-Telethon-2025-scaled-1348x450.jpg 1348w, https:\/\/www.lebreuilbourgogne.fr\/wp-content\/uploads\/2025\/11\/BANDEAU-SITE-WEB-Telethon-2025-scaled-1200x401.jpg 1200w, https:\/\/www.lebreuilbourgogne.fr\/wp-content\/uploads\/2025\/11\/BANDEAU-SITE-WEB-Telethon-2025-scaled-620x207.jpg 620w, https:\/\/www.lebreuilbourgogne.fr\/wp-content\/uploads\/2025\/11\/BANDEAU-SITE-WEB-Telethon-2025-scaled-400x134.jpg 400w\" sizes=\"auto, (max-width: 1024px) 100vw, 1024px\" \/><\/figure>\n\n\n\n<p class=\"has-text-align-center\">Le T\u00e9l\u00e9thon revient les <strong>vendredi 5 et samedi 6 d\u00e9cembre 2025<\/strong> au Breuil, et nous comptons sur votre pr\u00e9sence pour faire de cette \u00e9dition un moment chaleureux, solidaire et festif !<\/p>\n\n\n\n<p>Voici le programme :<\/p>\n\n\n\n<div data-wp-interactive=\"core\/file\" class=\"wp-block-file\"><object data-wp-bind--hidden=\"!state.hasPdfPreview\" hidden class=\"wp-block-file__embed\" data=\"https:\/\/www.lebreuilbourgogne.fr\/wp-content\/uploads\/2025\/11\/Affiche-programme-Telethon-2025-1.pdf\" type=\"application\/pdf\" style=\"width:100%;height:1420px\" aria-label=\"Contenu embarqu\u00e9 Affiche + programme T\u00e9l\u00e9thon 2025.\"><\/object><a id=\"wp-block-file--media-5a9e3da3-d8c2-43bb-88cf-0469e9a178b3\" href=\"https:\/\/www.lebreuilbourgogne.fr\/wp-content\/uploads\/2025\/11\/Affiche-programme-Telethon-2025-1.pdf\">Affiche + programme T\u00e9l\u00e9thon 2025<\/a><a href=\"https:\/\/www.lebreuilbourgogne.fr\/wp-content\/uploads\/2025\/11\/Affiche-programme-Telethon-2025-1.pdf\" class=\"wp-block-file__button wp-element-button\" download aria-describedby=\"wp-block-file--media-5a9e3da3-d8c2-43bb-88cf-0469e9a178b3\">T\u00e9l\u00e9charger<\/a><\/div>\n\n\n\n<div class=\"wp-block-columns is-layout-flex wp-container-core-columns-is-layout-28f84493 wp-block-columns-is-layout-flex\">\n<div class=\"wp-block-column is-layout-flow wp-block-column-is-layout-flow\">\n<figure class=\"wp-block-image size-large\"><img loading=\"lazy\" decoding=\"async\" width=\"724\" height=\"1024\" src=\"https:\/\/www.lebreuilbourgogne.fr\/wp-content\/uploads\/2025\/11\/Vnete-de-bougies-2-724x1024.jpg\" alt=\"\" class=\"wp-image-7450\" srcset=\"https:\/\/www.lebreuilbourgogne.fr\/wp-content\/uploads\/2025\/11\/Vnete-de-bougies-2-724x1024.jpg 724w, https:\/\/www.lebreuilbourgogne.fr\/wp-content\/uploads\/2025\/11\/Vnete-de-bougies-2-212x300.jpg 212w, https:\/\/www.lebreuilbourgogne.fr\/wp-content\/uploads\/2025\/11\/Vnete-de-bougies-2-768x1086.jpg 768w, https:\/\/www.lebreuilbourgogne.fr\/wp-content\/uploads\/2025\/11\/Vnete-de-bougies-2-1086x1536.jpg 1086w, https:\/\/www.lebreuilbourgogne.fr\/wp-content\/uploads\/2025\/11\/Vnete-de-bougies-2-1448x2048.jpg 1448w, https:\/\/www.lebreuilbourgogne.fr\/wp-content\/uploads\/2025\/11\/Vnete-de-bougies-2-scaled.jpg 1810w\" sizes=\"auto, (max-width: 724px) 100vw, 724px\" \/><\/figure>\n<\/div>\n\n\n\n<div class=\"wp-block-column is-layout-flow wp-block-column-is-layout-flow\">\n<figure class=\"wp-block-image size-large\"><img loading=\"lazy\" decoding=\"async\" width=\"724\" height=\"1024\" src=\"https:\/\/www.lebreuilbourgogne.fr\/wp-content\/uploads\/2025\/11\/Chante-Apero-05-12-25-telethon-724x1024.jpg\" alt=\"\" class=\"wp-image-7451\" srcset=\"https:\/\/www.lebreuilbourgogne.fr\/wp-content\/uploads\/2025\/11\/Chante-Apero-05-12-25-telethon-724x1024.jpg 724w, https:\/\/www.lebreuilbourgogne.fr\/wp-content\/uploads\/2025\/11\/Chante-Apero-05-12-25-telethon-212x300.jpg 212w, https:\/\/www.lebreuilbourgogne.fr\/wp-content\/uploads\/2025\/11\/Chante-Apero-05-12-25-telethon-768x1086.jpg 768w, https:\/\/www.lebreuilbourgogne.fr\/wp-content\/uploads\/2025\/11\/Chante-Apero-05-12-25-telethon-1086x1536.jpg 1086w, https:\/\/www.lebreuilbourgogne.fr\/wp-content\/uploads\/2025\/11\/Chante-Apero-05-12-25-telethon-1448x2048.jpg 1448w, https:\/\/www.lebreuilbourgogne.fr\/wp-content\/uploads\/2025\/11\/Chante-Apero-05-12-25-telethon-scaled.jpg 1810w\" sizes=\"auto, (max-width: 724px) 100vw, 724px\" \/><\/figure>\n<\/div>\n\n\n\n<div class=\"wp-block-column is-layout-flow wp-block-column-is-layout-flow\">\n<figure class=\"wp-block-image size-large\"><img loading=\"lazy\" decoding=\"async\" width=\"724\" height=\"1024\" src=\"https:\/\/www.lebreuilbourgogne.fr\/wp-content\/uploads\/2025\/11\/tournoi-attb-1-724x1024.jpg\" alt=\"\" class=\"wp-image-7452\" srcset=\"https:\/\/www.lebreuilbourgogne.fr\/wp-content\/uploads\/2025\/11\/tournoi-attb-1-724x1024.jpg 724w, https:\/\/www.lebreuilbourgogne.fr\/wp-content\/uploads\/2025\/11\/tournoi-attb-1-212x300.jpg 212w, https:\/\/www.lebreuilbourgogne.fr\/wp-content\/uploads\/2025\/11\/tournoi-attb-1-768x1086.jpg 768w, https:\/\/www.lebreuilbourgogne.fr\/wp-content\/uploads\/2025\/11\/tournoi-attb-1-1086x1536.jpg 1086w, https:\/\/www.lebreuilbourgogne.fr\/wp-content\/uploads\/2025\/11\/tournoi-attb-1-1448x2048.jpg 1448w, https:\/\/www.lebreuilbourgogne.fr\/wp-content\/uploads\/2025\/11\/tournoi-attb-1-scaled.jpg 1810w\" sizes=\"auto, (max-width: 724px) 100vw, 724px\" \/><\/figure>\n<\/div>\n<\/div>\n\n\n\n<div class=\"wp-block-columns is-layout-flex wp-container-core-columns-is-layout-28f84493 wp-block-columns-is-layout-flex\">\n<div class=\"wp-block-column is-layout-flow wp-block-column-is-layout-flow\">\n<figure class=\"wp-block-image size-large\"><img loading=\"lazy\" decoding=\"async\" width=\"728\" height=\"1024\" src=\"https:\/\/www.lebreuilbourgogne.fr\/wp-content\/uploads\/2025\/11\/ONBS-telethon-2025-1-728x1024.jpg\" alt=\"\" class=\"wp-image-7453\" srcset=\"https:\/\/www.lebreuilbourgogne.fr\/wp-content\/uploads\/2025\/11\/ONBS-telethon-2025-1-728x1024.jpg 728w, https:\/\/www.lebreuilbourgogne.fr\/wp-content\/uploads\/2025\/11\/ONBS-telethon-2025-1-213x300.jpg 213w, https:\/\/www.lebreuilbourgogne.fr\/wp-content\/uploads\/2025\/11\/ONBS-telethon-2025-1-768x1080.jpg 768w, https:\/\/www.lebreuilbourgogne.fr\/wp-content\/uploads\/2025\/11\/ONBS-telethon-2025-1-1092x1536.jpg 1092w, https:\/\/www.lebreuilbourgogne.fr\/wp-content\/uploads\/2025\/11\/ONBS-telethon-2025-1-1456x2048.jpg 1456w, https:\/\/www.lebreuilbourgogne.fr\/wp-content\/uploads\/2025\/11\/ONBS-telethon-2025-1.jpg 1655w\" sizes=\"auto, (max-width: 728px) 100vw, 728px\" \/><\/figure>\n<\/div>\n\n\n\n<div class=\"wp-block-column is-layout-flow wp-block-column-is-layout-flow\">\n<figure class=\"wp-block-image size-large\"><img loading=\"lazy\" decoding=\"async\" width=\"648\" height=\"1024\" src=\"https:\/\/www.lebreuilbourgogne.fr\/wp-content\/uploads\/2025\/11\/2025-1002-Hameaux-invitation-telethon-paella-1-648x1024.jpg\" alt=\"\" class=\"wp-image-7454\" srcset=\"https:\/\/www.lebreuilbourgogne.fr\/wp-content\/uploads\/2025\/11\/2025-1002-Hameaux-invitation-telethon-paella-1-648x1024.jpg 648w, https:\/\/www.lebreuilbourgogne.fr\/wp-content\/uploads\/2025\/11\/2025-1002-Hameaux-invitation-telethon-paella-1-190x300.jpg 190w, https:\/\/www.lebreuilbourgogne.fr\/wp-content\/uploads\/2025\/11\/2025-1002-Hameaux-invitation-telethon-paella-1-768x1214.jpg 768w, https:\/\/www.lebreuilbourgogne.fr\/wp-content\/uploads\/2025\/11\/2025-1002-Hameaux-invitation-telethon-paella-1-972x1536.jpg 972w, https:\/\/www.lebreuilbourgogne.fr\/wp-content\/uploads\/2025\/11\/2025-1002-Hameaux-invitation-telethon-paella-1.jpg 1051w\" sizes=\"auto, (max-width: 648px) 100vw, 648px\" \/><\/figure>\n<\/div>\n<\/div>\n\n\n\n<p>Votre participation, petite ou grande, contribue directement au financement de la recherche et au soutien des familles concern\u00e9es. Merci d&rsquo;\u00eatre \u00e0 nos c\u00f4t\u00e9s.<\/p>\n\n\n\n<p>Pour toute info : 03 85 55 28 78 \u2013 <a>mairie@lebreuilbourgogne.fr<\/a><\/p>\n\n\n\n<p><\/p>\n","protected":false},"excerpt":{"rendered":"<p>Le T\u00e9l\u00e9thon revient les vendredi 5 et samedi 6 d\u00e9cembre 2025 au Breuil, et nous comptons sur votre pr\u00e9sence pour faire de cette \u00e9dition un moment chaleureux, solidaire et festif [&hellip;]<\/p>\n","protected":false},"author":2,"featured_media":7458,"comment_status":"closed","ping_status":"closed","sticky":false,"template":"","format":"standard","meta":{"_monsterinsights_skip_tracking":false,"_monsterinsights_sitenote_active":false,"_monsterinsights_sitenote_note":"","_monsterinsights_sitenote_category":0,"site-sidebar-layout":"default","site-content-layout":"","ast-site-content-layout":"default","site-content-style":"default","site-sidebar-style":"default","ast-global-header-display":"","ast-banner-title-visibility":"","ast-main-header-display":"","ast-hfb-above-header-display":"","ast-hfb-below-header-display":"","ast-hfb-mobile-header-display":"","site-post-title":"","ast-breadcrumbs-content":"","ast-featured-img":"","footer-sml-layout":"","theme-transparent-header-meta":"","adv-header-id-meta":"","stick-header-meta":"","header-above-stick-meta":"","header-main-stick-meta":"","header-below-stick-meta":"","astra-migrate-meta-layouts":"default","ast-page-background-enabled":"default","ast-page-background-meta":{"desktop":{"background-color":"var(--ast-global-color-4)","background-image":"","background-repeat":"repeat","background-position":"center center","background-size":"auto","background-attachment":"scroll","background-type":"","background-media":"","overlay-type":"","overlay-color":"","overlay-opacity":"","overlay-gradient":""},"tablet":{"background-color":"","background-image":"","background-repeat":"repeat","background-position":"center center","background-size":"auto","background-attachment":"scroll","background-type":"","background-media":"","overlay-type":"","overlay-color":"","overlay-opacity":"","overlay-gradient":""},"mobile":{"background-color":"","background-image":"","background-repeat":"repeat","background-position":"center center","background-size":"auto","background-attachment":"scroll","background-type":"","background-media":"","overlay-type":"","overlay-color":"","overlay-opacity":"","overlay-gradient":""}},"ast-content-background-meta":{"desktop":{"background-color":"var(--ast-global-color-5)","background-image":"","background-repeat":"repeat","background-position":"center center","background-size":"auto","background-attachment":"scroll","background-type":"","background-media":"","overlay-type":"","overlay-color":"","overlay-opacity":"","overlay-gradient":""},"tablet":{"background-color":"var(--ast-global-color-5)","background-image":"","background-repeat":"repeat","background-position":"center center","background-size":"auto","background-attachment":"scroll","background-type":"","background-media":"","overlay-type":"","overlay-color":"","overlay-opacity":"","overlay-gradient":""},"mobile":{"background-color":"var(--ast-global-color-5)","background-image":"","background-repeat":"repeat","background-position":"center center","background-size":"auto","background-attachment":"scroll","background-type":"","background-media":"","overlay-type":"","overlay-color":"","overlay-opacity":"","overlay-gradient":""}},"_EventAllDay":false,"_EventTimezone":"","_EventStartDate":"","_EventEndDate":"","_EventStartDateUTC":"","_EventEndDateUTC":"","_EventShowMap":false,"_EventShowMapLink":false,"_EventURL":"","_EventCost":"","_EventCostDescription":"","_EventCurrencySymbol":"","_EventCurrencyCode":"","_EventCurrencyPosition":"","_EventDateTimeSeparator":"","_EventTimeRangeSeparator":"","_EventOrganizerID":[],"_EventVenueID":[],"_OrganizerEmail":"","_OrganizerPhone":"","_OrganizerWebsite":"","_VenueAddress":"","_VenueCity":"","_VenueCountry":"","_VenueProvince":"","_VenueState":"","_VenueZip":"","_VenuePhone":"","_VenueURL":"","_VenueStateProvince":"","_VenueLat":"","_VenueLng":"","_VenueShowMap":false,"_VenueShowMapLink":false,"footnotes":""},"categories":[56],"tags":[],"class_list":["post-7402","post","type-post","status-publish","format-standard","has-post-thumbnail","hentry","category-actualite"],"_links":{"self":[{"href":"https:\/\/www.lebreuilbourgogne.fr\/index.php\/wp-json\/wp\/v2\/posts\/7402","targetHints":{"allow":["GET"]}}],"collection":[{"href":"https:\/\/www.lebreuilbourgogne.fr\/index.php\/wp-json\/wp\/v2\/posts"}],"about":[{"href":"https:\/\/www.lebreuilbourgogne.fr\/index.php\/wp-json\/wp\/v2\/types\/post"}],"author":[{"embeddable":true,"href":"https:\/\/www.lebreuilbourgogne.fr\/index.php\/wp-json\/wp\/v2\/users\/2"}],"replies":[{"embeddable":true,"href":"https:\/\/www.lebreuilbourgogne.fr\/index.php\/wp-json\/wp\/v2\/comments?post=7402"}],"version-history":[{"count":3,"href":"https:\/\/www.lebreuilbourgogne.fr\/index.php\/wp-json\/wp\/v2\/posts\/7402\/revisions"}],"predecessor-version":[{"id":7478,"href":"https:\/\/www.lebreuilbourgogne.fr\/index.php\/wp-json\/wp\/v2\/posts\/7402\/revisions\/7478"}],"wp:featuredmedia":[{"embeddable":true,"href":"https:\/\/www.lebreuilbourgogne.fr\/index.php\/wp-json\/wp\/v2\/media\/7458"}],"wp:attachment":[{"href":"https:\/\/www.lebreuilbourgogne.fr\/index.php\/wp-json\/wp\/v2\/media?parent=7402"}],"wp:term":[{"taxonomy":"category","embeddable":true,"href":"https:\/\/www.lebreuilbourgogne.fr\/index.php\/wp-json\/wp\/v2\/categories?post=7402"},{"taxonomy":"post_tag","embeddable":true,"href":"https:\/\/www.lebreuilbourgogne.fr\/index.php\/wp-json\/wp\/v2\/tags?post=7402"}],"curies":[{"name":"wp","href":"https:\/\/api.w.org\/{rel}","templated":true}]}}