{"id":7513,"date":"2025-12-01T14:11:41","date_gmt":"2025-12-01T13:11:41","guid":{"rendered":"https:\/\/www.lebreuilbourgogne.fr\/?p=7513"},"modified":"2025-12-01T15:36:41","modified_gmt":"2025-12-01T14:36:41","slug":"greve-du-02-decembre-2025","status":"publish","type":"post","link":"https:\/\/www.lebreuilbourgogne.fr\/index.php\/2025\/12\/01\/greve-du-02-decembre-2025\/","title":{"rendered":"Gr\u00e8ve du 02 d\u00e9cembre 2025"},"content":{"rendered":"\n<p class=\"has-ast-global-color-0-color has-text-color has-link-color wp-elements-3a5d69b8d25c2b0735297e48b5c51da0\"><a>En raison d\u2019un mouvement social national annonc\u00e9 mardi 2 d\u00e9cembre, des perturbations sont \u00e0 pr\u00e9voir dans les dispositifs d\u2019accueils p\u00e9riscolaires, de transports et de restauration scolaire.<\/a> <strong>Les services maintenus le sont en mode d\u00e9grad\u00e9 aussi les parents sont invit\u00e9s \u00e0 privil\u00e9gier d\u2019autres solutions dans la mesure du possible.<\/strong><\/p>\n\n\n\n<p class=\"has-vivid-red-color has-text-color has-link-color has-medium-font-size wp-elements-1dd3c69482af6598ebe02c9cbb1e2890\"><strong>Actualis\u00e9 le 1er d\u00e9cembre 2025 : <\/strong><\/p>\n\n\n\n<p>Accueils p\u00e9riscolaires&nbsp;:<\/p>\n\n\n\n<ul class=\"wp-block-list\">\n<li>Maternelle<ul><li>Accueil matin&nbsp;: service non assur\u00e9<\/li><\/ul>\n<ul class=\"wp-block-list\">\n<li>Accueil soir&nbsp;: service non assur\u00e9<\/li>\n<\/ul>\n<\/li>\n\n\n\n<li>El\u00e9mentaire<ul><li>Accueil matin&nbsp;: service non assur\u00e9<\/li><\/ul>\n<ul class=\"wp-block-list\">\n<li>Accueil soir&nbsp;: service maintenu<\/li>\n<\/ul>\n<\/li>\n<\/ul>\n\n\n\n<p>Transport scolaire\u00a0: service non assur\u00e9<\/p>\n\n\n\n<p>Restaurant scolaire\u00a0: <\/p>\n\n\n\n<ul class=\"wp-block-list\">\n<li>Maternelle&nbsp;: service non assur\u00e9<\/li>\n\n\n\n<li>El\u00e9mentaire&nbsp;: service maintenu<\/li>\n<\/ul>\n\n\n\n<p><em>Le menu du Restaurant Scolaire se modifi\u00e9 en raison des circonstance : Potage de l\u00e9gumes Raviolis au boeuf , Raviolis au fromage pour les sans viande, Compote<\/em><\/p>\n\n\n\n<p>Aucune d\u00e9marche n&rsquo;est \u00e0 effectuer par les parents pour l&rsquo;annulation des r\u00e9servations repas et accueils.<\/p>\n\n\n\n<p>Une question ? N&rsquo;h\u00e9sitez pas \u00e0 la poser aupr\u00e8s du service enfance jeunesse par courriel : <a href=\"mailto:enfance.jeunesse@lebreuilbourgogne.fr\">enfance.jeunesse@lebreuilbourgogne.fr<\/a> &#8211; Nous tenterons d&rsquo;y r\u00e9pondre dans les plus brefs d\u00e9lais.<\/p>\n\n\n\n<p><\/p>\n","protected":false},"excerpt":{"rendered":"<p>En raison d\u2019un mouvement social national annonc\u00e9 mardi 2 d\u00e9cembre, des perturbations sont \u00e0 pr\u00e9voir dans les dispositifs d\u2019accueils p\u00e9riscolaires, de transports et de restauration scolaire. Les services maintenus le [&hellip;]<\/p>\n","protected":false},"author":2,"featured_media":7514,"comment_status":"closed","ping_status":"closed","sticky":false,"template":"","format":"standard","meta":{"_monsterinsights_skip_tracking":false,"_monsterinsights_sitenote_active":false,"_monsterinsights_sitenote_note":"","_monsterinsights_sitenote_category":0,"site-sidebar-layout":"default","site-content-layout":"","ast-site-content-layout":"default","site-content-style":"default","site-sidebar-style":"default","ast-global-header-display":"","ast-banner-title-visibility":"","ast-main-header-display":"","ast-hfb-above-header-display":"","ast-hfb-below-header-display":"","ast-hfb-mobile-header-display":"","site-post-title":"","ast-breadcrumbs-content":"","ast-featured-img":"","footer-sml-layout":"","theme-transparent-header-meta":"","adv-header-id-meta":"","stick-header-meta":"","header-above-stick-meta":"","header-main-stick-meta":"","header-below-stick-meta":"","astra-migrate-meta-layouts":"default","ast-page-background-enabled":"default","ast-page-background-meta":{"desktop":{"background-color":"var(--ast-global-color-4)","background-image":"","background-repeat":"repeat","background-position":"center center","background-size":"auto","background-attachment":"scroll","background-type":"","background-media":"","overlay-type":"","overlay-color":"","overlay-opacity":"","overlay-gradient":""},"tablet":{"background-color":"","background-image":"","background-repeat":"repeat","background-position":"center center","background-size":"auto","background-attachment":"scroll","background-type":"","background-media":"","overlay-type":"","overlay-color":"","overlay-opacity":"","overlay-gradient":""},"mobile":{"background-color":"","background-image":"","background-repeat":"repeat","background-position":"center center","background-size":"auto","background-attachment":"scroll","background-type":"","background-media":"","overlay-type":"","overlay-color":"","overlay-opacity":"","overlay-gradient":""}},"ast-content-background-meta":{"desktop":{"background-color":"var(--ast-global-color-5)","background-image":"","background-repeat":"repeat","background-position":"center center","background-size":"auto","background-attachment":"scroll","background-type":"","background-media":"","overlay-type":"","overlay-color":"","overlay-opacity":"","overlay-gradient":""},"tablet":{"background-color":"var(--ast-global-color-5)","background-image":"","background-repeat":"repeat","background-position":"center center","background-size":"auto","background-attachment":"scroll","background-type":"","background-media":"","overlay-type":"","overlay-color":"","overlay-opacity":"","overlay-gradient":""},"mobile":{"background-color":"var(--ast-global-color-5)","background-image":"","background-repeat":"repeat","background-position":"center center","background-size":"auto","background-attachment":"scroll","background-type":"","background-media":"","overlay-type":"","overlay-color":"","overlay-opacity":"","overlay-gradient":""}},"_EventAllDay":false,"_EventTimezone":"","_EventStartDate":"","_EventEndDate":"","_EventStartDateUTC":"","_EventEndDateUTC":"","_EventShowMap":false,"_EventShowMapLink":false,"_EventURL":"","_EventCost":"","_EventCostDescription":"","_EventCurrencySymbol":"","_EventCurrencyCode":"","_EventCurrencyPosition":"","_EventDateTimeSeparator":"","_EventTimeRangeSeparator":"","_EventOrganizerID":[],"_EventVenueID":[],"_OrganizerEmail":"","_OrganizerPhone":"","_OrganizerWebsite":"","_VenueAddress":"","_VenueCity":"","_VenueCountry":"","_VenueProvince":"","_VenueState":"","_VenueZip":"","_VenuePhone":"","_VenueURL":"","_VenueStateProvince":"","_VenueLat":"","_VenueLng":"","_VenueShowMap":false,"_VenueShowMapLink":false,"footnotes":""},"categories":[56,8],"tags":[],"class_list":["post-7513","post","type-post","status-publish","format-standard","has-post-thumbnail","hentry","category-actualite","category-jeunesse"],"_links":{"self":[{"href":"https:\/\/www.lebreuilbourgogne.fr\/index.php\/wp-json\/wp\/v2\/posts\/7513","targetHints":{"allow":["GET"]}}],"collection":[{"href":"https:\/\/www.lebreuilbourgogne.fr\/index.php\/wp-json\/wp\/v2\/posts"}],"about":[{"href":"https:\/\/www.lebreuilbourgogne.fr\/index.php\/wp-json\/wp\/v2\/types\/post"}],"author":[{"embeddable":true,"href":"https:\/\/www.lebreuilbourgogne.fr\/index.php\/wp-json\/wp\/v2\/users\/2"}],"replies":[{"embeddable":true,"href":"https:\/\/www.lebreuilbourgogne.fr\/index.php\/wp-json\/wp\/v2\/comments?post=7513"}],"version-history":[{"count":3,"href":"https:\/\/www.lebreuilbourgogne.fr\/index.php\/wp-json\/wp\/v2\/posts\/7513\/revisions"}],"predecessor-version":[{"id":7518,"href":"https:\/\/www.lebreuilbourgogne.fr\/index.php\/wp-json\/wp\/v2\/posts\/7513\/revisions\/7518"}],"wp:featuredmedia":[{"embeddable":true,"href":"https:\/\/www.lebreuilbourgogne.fr\/index.php\/wp-json\/wp\/v2\/media\/7514"}],"wp:attachment":[{"href":"https:\/\/www.lebreuilbourgogne.fr\/index.php\/wp-json\/wp\/v2\/media?parent=7513"}],"wp:term":[{"taxonomy":"category","embeddable":true,"href":"https:\/\/www.lebreuilbourgogne.fr\/index.php\/wp-json\/wp\/v2\/categories?post=7513"},{"taxonomy":"post_tag","embeddable":true,"href":"https:\/\/www.lebreuilbourgogne.fr\/index.php\/wp-json\/wp\/v2\/tags?post=7513"}],"curies":[{"name":"wp","href":"https:\/\/api.w.org\/{rel}","templated":true}]}}