{"id":7530,"date":"2025-12-08T12:05:56","date_gmt":"2025-12-08T11:05:56","guid":{"rendered":"https:\/\/www.lebreuilbourgogne.fr\/?p=7530"},"modified":"2025-12-08T12:05:56","modified_gmt":"2025-12-08T11:05:56","slug":"fermeture-du-centre-francois-mitterrand","status":"publish","type":"post","link":"https:\/\/www.lebreuilbourgogne.fr\/index.php\/2025\/12\/08\/fermeture-du-centre-francois-mitterrand\/","title":{"rendered":"fermeture du Centre Fran\u00e7ois Mitterrand"},"content":{"rendered":"\n<p>Le Centre Fran\u00e7ois Mitterrand sera ferm\u00e9 durant les vacances scolaires de fin ann\u00e9e, comme chaque ann\u00e9e.<\/p>\n\n\n\n<p>La Biblioth\u00e8que, l\u2019EPN, le Service Jeunesse ainsi que le secr\u00e9tariat du CCAS seront donc ferm\u00e9s du 21 d\u00e9cembre 2024 au 4 janvier 2025 inclus.<\/p>\n\n\n\n<p>En cas de besoin consultez notre site web : <a href=\"http:\/\/www.lebreuilbourgogne.fr\/?fbclid=IwZXh0bgNhZW0CMTAAYnJpZBEwMnhvU05NYkFmcUljd3ZEeXNydGMGYXBwX2lkEDIyMjAzOTE3ODgyMDA4OTIAAR7Qta4iGYU30vpYA0dMi7a5WNVwVC9gVp2Z_yAYNhsXDyU6Jybje06kelqaIQ_aem_qyIFZKd8SsPWEWTwkRHMCA\" rel=\"noreferrer noopener\" target=\"_blank\">www.lebreuilbourgogne.fr<\/a> ou contactez la Mairie : 03 85 55 28 78<\/p>\n\n\n\n<figure class=\"wp-block-image size-full\"><img loading=\"lazy\" decoding=\"async\" width=\"940\" height=\"788\" src=\"https:\/\/www.lebreuilbourgogne.fr\/wp-content\/uploads\/2025\/12\/Copie-de-fermeture-BM.png\" alt=\"\" class=\"wp-image-7531\" srcset=\"https:\/\/www.lebreuilbourgogne.fr\/wp-content\/uploads\/2025\/12\/Copie-de-fermeture-BM.png 940w, https:\/\/www.lebreuilbourgogne.fr\/wp-content\/uploads\/2025\/12\/Copie-de-fermeture-BM-300x251.png 300w, https:\/\/www.lebreuilbourgogne.fr\/wp-content\/uploads\/2025\/12\/Copie-de-fermeture-BM-768x644.png 768w\" sizes=\"auto, (max-width: 940px) 100vw, 940px\" \/><\/figure>\n","protected":false},"excerpt":{"rendered":"<p>Le Centre Fran\u00e7ois Mitterrand sera ferm\u00e9 durant les vacances scolaires de fin ann\u00e9e, comme chaque ann\u00e9e. La Biblioth\u00e8que, l\u2019EPN, le Service Jeunesse ainsi que le secr\u00e9tariat du CCAS seront donc [&hellip;]<\/p>\n","protected":false},"author":2,"featured_media":7531,"comment_status":"closed","ping_status":"closed","sticky":false,"template":"","format":"standard","meta":{"_monsterinsights_skip_tracking":false,"_monsterinsights_sitenote_active":false,"_monsterinsights_sitenote_note":"","_monsterinsights_sitenote_category":0,"site-sidebar-layout":"default","site-content-layout":"","ast-site-content-layout":"default","site-content-style":"default","site-sidebar-style":"default","ast-global-header-display":"","ast-banner-title-visibility":"","ast-main-header-display":"","ast-hfb-above-header-display":"","ast-hfb-below-header-display":"","ast-hfb-mobile-header-display":"","site-post-title":"","ast-breadcrumbs-content":"","ast-featured-img":"","footer-sml-layout":"","theme-transparent-header-meta":"","adv-header-id-meta":"","stick-header-meta":"","header-above-stick-meta":"","header-main-stick-meta":"","header-below-stick-meta":"","astra-migrate-meta-layouts":"default","ast-page-background-enabled":"default","ast-page-background-meta":{"desktop":{"background-color":"var(--ast-global-color-4)","background-image":"","background-repeat":"repeat","background-position":"center center","background-size":"auto","background-attachment":"scroll","background-type":"","background-media":"","overlay-type":"","overlay-color":"","overlay-opacity":"","overlay-gradient":""},"tablet":{"background-color":"","background-image":"","background-repeat":"repeat","background-position":"center center","background-size":"auto","background-attachment":"scroll","background-type":"","background-media":"","overlay-type":"","overlay-color":"","overlay-opacity":"","overlay-gradient":""},"mobile":{"background-color":"","background-image":"","background-repeat":"repeat","background-position":"center center","background-size":"auto","background-attachment":"scroll","background-type":"","background-media":"","overlay-type":"","overlay-color":"","overlay-opacity":"","overlay-gradient":""}},"ast-content-background-meta":{"desktop":{"background-color":"var(--ast-global-color-5)","background-image":"","background-repeat":"repeat","background-position":"center center","background-size":"auto","background-attachment":"scroll","background-type":"","background-media":"","overlay-type":"","overlay-color":"","overlay-opacity":"","overlay-gradient":""},"tablet":{"background-color":"var(--ast-global-color-5)","background-image":"","background-repeat":"repeat","background-position":"center center","background-size":"auto","background-attachment":"scroll","background-type":"","background-media":"","overlay-type":"","overlay-color":"","overlay-opacity":"","overlay-gradient":""},"mobile":{"background-color":"var(--ast-global-color-5)","background-image":"","background-repeat":"repeat","background-position":"center center","background-size":"auto","background-attachment":"scroll","background-type":"","background-media":"","overlay-type":"","overlay-color":"","overlay-opacity":"","overlay-gradient":""}},"_EventAllDay":false,"_EventTimezone":"","_EventStartDate":"","_EventEndDate":"","_EventStartDateUTC":"","_EventEndDateUTC":"","_EventShowMap":false,"_EventShowMapLink":false,"_EventURL":"","_EventCost":"","_EventCostDescription":"","_EventCurrencySymbol":"","_EventCurrencyCode":"","_EventCurrencyPosition":"","_EventDateTimeSeparator":"","_EventTimeRangeSeparator":"","_EventOrganizerID":[],"_EventVenueID":[],"_OrganizerEmail":"","_OrganizerPhone":"","_OrganizerWebsite":"","_VenueAddress":"","_VenueCity":"","_VenueCountry":"","_VenueProvince":"","_VenueState":"","_VenueZip":"","_VenuePhone":"","_VenueURL":"","_VenueStateProvince":"","_VenueLat":"","_VenueLng":"","_VenueShowMap":false,"_VenueShowMapLink":false,"footnotes":""},"categories":[56],"tags":[],"class_list":["post-7530","post","type-post","status-publish","format-standard","has-post-thumbnail","hentry","category-actualite"],"_links":{"self":[{"href":"https:\/\/www.lebreuilbourgogne.fr\/index.php\/wp-json\/wp\/v2\/posts\/7530","targetHints":{"allow":["GET"]}}],"collection":[{"href":"https:\/\/www.lebreuilbourgogne.fr\/index.php\/wp-json\/wp\/v2\/posts"}],"about":[{"href":"https:\/\/www.lebreuilbourgogne.fr\/index.php\/wp-json\/wp\/v2\/types\/post"}],"author":[{"embeddable":true,"href":"https:\/\/www.lebreuilbourgogne.fr\/index.php\/wp-json\/wp\/v2\/users\/2"}],"replies":[{"embeddable":true,"href":"https:\/\/www.lebreuilbourgogne.fr\/index.php\/wp-json\/wp\/v2\/comments?post=7530"}],"version-history":[{"count":1,"href":"https:\/\/www.lebreuilbourgogne.fr\/index.php\/wp-json\/wp\/v2\/posts\/7530\/revisions"}],"predecessor-version":[{"id":7532,"href":"https:\/\/www.lebreuilbourgogne.fr\/index.php\/wp-json\/wp\/v2\/posts\/7530\/revisions\/7532"}],"wp:featuredmedia":[{"embeddable":true,"href":"https:\/\/www.lebreuilbourgogne.fr\/index.php\/wp-json\/wp\/v2\/media\/7531"}],"wp:attachment":[{"href":"https:\/\/www.lebreuilbourgogne.fr\/index.php\/wp-json\/wp\/v2\/media?parent=7530"}],"wp:term":[{"taxonomy":"category","embeddable":true,"href":"https:\/\/www.lebreuilbourgogne.fr\/index.php\/wp-json\/wp\/v2\/categories?post=7530"},{"taxonomy":"post_tag","embeddable":true,"href":"https:\/\/www.lebreuilbourgogne.fr\/index.php\/wp-json\/wp\/v2\/tags?post=7530"}],"curies":[{"name":"wp","href":"https:\/\/api.w.org\/{rel}","templated":true}]}}