{"id":7602,"date":"2026-01-12T15:29:51","date_gmt":"2026-01-12T14:29:51","guid":{"rendered":"https:\/\/www.lebreuilbourgogne.fr\/?p=7602"},"modified":"2026-01-15T14:41:36","modified_gmt":"2026-01-15T13:41:36","slug":"inscription-scolaire-2026-2027","status":"publish","type":"post","link":"https:\/\/www.lebreuilbourgogne.fr\/index.php\/2026\/01\/12\/inscription-scolaire-2026-2027\/","title":{"rendered":"Inscription Scolaire 2026\/2027"},"content":{"rendered":"\n<figure class=\"wp-block-image alignwide size-large\"><img loading=\"lazy\" decoding=\"async\" width=\"1024\" height=\"342\" src=\"https:\/\/www.lebreuilbourgogne.fr\/wp-content\/uploads\/2026\/01\/Bandeau-site-web-maternelle-et-elementaire-1024x342.png\" alt=\"\" class=\"wp-image-7603\" srcset=\"https:\/\/www.lebreuilbourgogne.fr\/wp-content\/uploads\/2026\/01\/Bandeau-site-web-maternelle-et-elementaire-1024x342.png 1024w, https:\/\/www.lebreuilbourgogne.fr\/wp-content\/uploads\/2026\/01\/Bandeau-site-web-maternelle-et-elementaire-300x100.png 300w, https:\/\/www.lebreuilbourgogne.fr\/wp-content\/uploads\/2026\/01\/Bandeau-site-web-maternelle-et-elementaire-768x256.png 768w, https:\/\/www.lebreuilbourgogne.fr\/wp-content\/uploads\/2026\/01\/Bandeau-site-web-maternelle-et-elementaire.png 1348w\" sizes=\"auto, (max-width: 1024px) 100vw, 1024px\" \/><\/figure>\n\n\n\n<p class=\"has-text-align-center has-vivid-red-color has-text-color has-link-color wp-elements-30a9ba373ff697beb3e36071f58350ce\"><strong>Si votre enfant entre pour la premi\u00e8re ann\u00e9e \u00e0 l&rsquo;\u00e9cole maternelle Fran\u00e7oise Dolto ou \u00e0 l&rsquo;\u00e9cole \u00e9l\u00e9mentaire des Pr\u00e9s Calards, vous devez proc\u00e9der \u00e0 son inscription au plus t\u00f4t et si possible avant le 10 avril 2026.<\/strong><\/p>\n\n\n\n<p>Tous les documents sont \u00e0 retirer en Mairie ou \u00e0 t\u00e9l\u00e9charger directement ci-dessous.<\/p>\n\n\n\n<p>Le dossier de demande d&rsquo;inscription complet devra \u00eatre retourn\u00e9 en Mairie, soit par courriel \u00e0 l&rsquo;adresse suivante : <a href=\"mailto:mairie@lebreuilbourgogne.fr\">mairie@lebreuilbourgogne.fr<\/a>, soit par voie postale \u00e0 l\u2019adresse&nbsp;: H\u00f4tel de Ville 1 Place du 19 Mars 1962 LE BREUIL 71670 soit directement en main propre l\u2019accueil.<\/p>\n\n\n\n<p>A r\u00e9ception, votre demande fera l\u2019objet d\u2019un accus\u00e9 de r\u00e9ception d\u00e9livr\u00e9 par la Mairie.<\/p>\n\n\n\n<p><strong>L&rsquo;inscription de votre enfant ne sera effective qu&rsquo;apr\u00e8s confirmation par la Directrice de l\u2019\u00e9tablissement scolaire, qui prendra contact avec vous.<\/strong><\/p>\n\n\n\n<p>Madame<strong>Sandra<\/strong> <strong>CHAPULLIOT, Directrice<\/strong> &#8211; <strong>Ecole Maternelle Fran\u00e7oise&nbsp;Dolto<\/strong> &#8211; 3, rue Bel Air<\/p>\n\n\n\n<p>&nbsp; &nbsp; &nbsp; &nbsp; &nbsp; &nbsp; &nbsp; &nbsp; &nbsp; &nbsp; &nbsp; &nbsp; &nbsp; Tel. : 03.85.55.44.16 ou par mail : <a href=\"mailto:ec-mat-le-breuil-71@ac-dijon.fr\">ec-mat-le-breuil-71@ac-dijon.fr<\/a><\/p>\n\n\n\n<p>Madame <strong>C\u00e9cile BONSEMBIANTE-VAILLOUD, Directrice<\/strong> &#8211; <strong>Ecole El\u00e9mentaire Les Pr\u00e9s Calards <\/strong>&#8211;  1, rue Bel Air<\/p>\n\n\n\n<p>&nbsp; &nbsp; &nbsp; &nbsp; &nbsp; &nbsp; &nbsp; &nbsp; &nbsp; &nbsp; &nbsp; &nbsp; &nbsp; Tel. : 03.85.55.29.86 ou par mail :&nbsp;<a href=\"mailto:0711393D@ac-dijon.fr\">0711393D@ac-dijon.fr<\/a><\/p>\n\n\n\n<p class=\"has-text-align-center has-vivid-red-color has-text-color has-link-color wp-elements-362deff25fc3d86eed3d818bc598f763\"><strong>Pour&nbsp;l\u2019inscription des enfants ne r\u00e9sidant pas sur Le Breuil, une d\u00e9rogation est indispensable.<\/strong><\/p>\n\n\n\n<p class=\"has-text-align-center\"><strong>Il est n\u00e9cessaire d\u2019en faire la demande en Mairie par courriel ou par courrier<\/strong>. le formulaire est disponible ci-dessous.<\/p>\n\n\n\n<div class=\"wp-block-columns is-layout-flex wp-container-core-columns-is-layout-28f84493 wp-block-columns-is-layout-flex\">\n<div class=\"wp-block-column is-layout-flow wp-block-column-is-layout-flow\">\n<div data-wp-interactive=\"core\/file\" class=\"wp-block-file\"><object data-wp-bind--hidden=\"!state.hasPdfPreview\" hidden class=\"wp-block-file__embed\" data=\"https:\/\/www.lebreuilbourgogne.fr\/wp-content\/uploads\/2026\/01\/pieces-justificatives.pdf\" type=\"application\/pdf\" style=\"width:100%;height:600px\" aria-label=\"Contenu embarqu\u00e9 pieces justificatives.\"><\/object><a id=\"wp-block-file--media-946881d0-66b4-4e20-a648-7baf15b43594\" href=\"https:\/\/www.lebreuilbourgogne.fr\/wp-content\/uploads\/2026\/01\/pieces-justificatives.pdf\">pieces justificatives<\/a><a href=\"https:\/\/www.lebreuilbourgogne.fr\/wp-content\/uploads\/2026\/01\/pieces-justificatives.pdf\" class=\"wp-block-file__button wp-element-button\" download aria-describedby=\"wp-block-file--media-946881d0-66b4-4e20-a648-7baf15b43594\">T\u00e9l\u00e9charger<\/a><\/div>\n<\/div>\n\n\n\n<div class=\"wp-block-column is-layout-flow wp-block-column-is-layout-flow\">\n<div data-wp-interactive=\"core\/file\" class=\"wp-block-file\"><object data-wp-bind--hidden=\"!state.hasPdfPreview\" hidden class=\"wp-block-file__embed\" data=\"https:\/\/www.lebreuilbourgogne.fr\/wp-content\/uploads\/2026\/01\/FICHE-PRE-INSCRIPTION-ECOLE-MATERNELLE-2026-2027-1.pdf\" type=\"application\/pdf\" style=\"width:100%;height:600px\" aria-label=\"Contenu embarqu\u00e9 FICHE PRE-INSCRIPTION ECOLE MATERNELLE 2026-2027.\"><\/object><a id=\"wp-block-file--media-8bf0aa6e-960a-45b3-b208-8b050b55e74d\" href=\"https:\/\/www.lebreuilbourgogne.fr\/wp-content\/uploads\/2026\/01\/FICHE-PRE-INSCRIPTION-ECOLE-MATERNELLE-2026-2027-1.pdf\">FICHE PRE-INSCRIPTION ECOLE MATERNELLE 2026-2027<\/a><a href=\"https:\/\/www.lebreuilbourgogne.fr\/wp-content\/uploads\/2026\/01\/FICHE-PRE-INSCRIPTION-ECOLE-MATERNELLE-2026-2027-1.pdf\" class=\"wp-block-file__button wp-element-button\" download aria-describedby=\"wp-block-file--media-8bf0aa6e-960a-45b3-b208-8b050b55e74d\">T\u00e9l\u00e9charger<\/a><\/div>\n<\/div>\n\n\n\n<div class=\"wp-block-column is-layout-flow wp-block-column-is-layout-flow\">\n<div data-wp-interactive=\"core\/file\" class=\"wp-block-file\"><object data-wp-bind--hidden=\"!state.hasPdfPreview\" hidden class=\"wp-block-file__embed\" data=\"https:\/\/www.lebreuilbourgogne.fr\/wp-content\/uploads\/2026\/01\/FICHE-PRE-INSCRIPTION-ECOLE-ELEMENTAIRE-2025-2026-1.pdf\" type=\"application\/pdf\" style=\"width:100%;height:600px\" aria-label=\"Contenu embarqu\u00e9 FICHE PRE-INSCRIPTION ECOLE ELEMENTAIRE 2025-2026.\"><\/object><a id=\"wp-block-file--media-c3f50a5c-3f80-44c4-ae88-5230a746409b\" href=\"https:\/\/www.lebreuilbourgogne.fr\/wp-content\/uploads\/2026\/01\/FICHE-PRE-INSCRIPTION-ECOLE-ELEMENTAIRE-2025-2026-1.pdf\">FICHE PRE-INSCRIPTION ECOLE ELEMENTAIRE 2025-2026<\/a><a href=\"https:\/\/www.lebreuilbourgogne.fr\/wp-content\/uploads\/2026\/01\/FICHE-PRE-INSCRIPTION-ECOLE-ELEMENTAIRE-2025-2026-1.pdf\" class=\"wp-block-file__button wp-element-button\" download aria-describedby=\"wp-block-file--media-c3f50a5c-3f80-44c4-ae88-5230a746409b\">T\u00e9l\u00e9charger<\/a><\/div>\n<\/div>\n<\/div>\n\n\n\n<div class=\"wp-block-columns is-layout-flex wp-container-core-columns-is-layout-28f84493 wp-block-columns-is-layout-flex\">\n<div class=\"wp-block-column is-layout-flow wp-block-column-is-layout-flow\">\n<div data-wp-interactive=\"core\/file\" class=\"wp-block-file\"><object data-wp-bind--hidden=\"!state.hasPdfPreview\" hidden class=\"wp-block-file__embed\" data=\"https:\/\/www.lebreuilbourgogne.fr\/wp-content\/uploads\/2026\/01\/IMPRIME-DE-DEROGATION-SCOLAIRE-1.pdf\" type=\"application\/pdf\" style=\"width:100%;height:600px\" aria-label=\"Contenu embarqu\u00e9 IMPRIME DE DEROGATION SCOLAIRE.\"><\/object><a id=\"wp-block-file--media-8a1f18f3-3d87-4f5a-85e5-37e23164a150\" href=\"https:\/\/www.lebreuilbourgogne.fr\/wp-content\/uploads\/2026\/01\/IMPRIME-DE-DEROGATION-SCOLAIRE-1.pdf\">IMPRIME DE DEROGATION SCOLAIRE<\/a><a href=\"https:\/\/www.lebreuilbourgogne.fr\/wp-content\/uploads\/2026\/01\/IMPRIME-DE-DEROGATION-SCOLAIRE-1.pdf\" class=\"wp-block-file__button wp-element-button\" download aria-describedby=\"wp-block-file--media-8a1f18f3-3d87-4f5a-85e5-37e23164a150\">T\u00e9l\u00e9charger<\/a><\/div>\n<\/div>\n<\/div>\n","protected":false},"excerpt":{"rendered":"<p>Si votre enfant entre pour la premi\u00e8re ann\u00e9e \u00e0 l&rsquo;\u00e9cole maternelle Fran\u00e7oise Dolto ou \u00e0 l&rsquo;\u00e9cole \u00e9l\u00e9mentaire des Pr\u00e9s Calards, vous devez proc\u00e9der \u00e0 son inscription au plus t\u00f4t et [&hellip;]<\/p>\n","protected":false},"author":4,"featured_media":7622,"comment_status":"closed","ping_status":"closed","sticky":false,"template":"","format":"standard","meta":{"_monsterinsights_skip_tracking":false,"_monsterinsights_sitenote_active":false,"_monsterinsights_sitenote_note":"","_monsterinsights_sitenote_category":0,"site-sidebar-layout":"default","site-content-layout":"","ast-site-content-layout":"default","site-content-style":"default","site-sidebar-style":"default","ast-global-header-display":"","ast-banner-title-visibility":"","ast-main-header-display":"","ast-hfb-above-header-display":"","ast-hfb-below-header-display":"","ast-hfb-mobile-header-display":"","site-post-title":"","ast-breadcrumbs-content":"","ast-featured-img":"","footer-sml-layout":"","theme-transparent-header-meta":"","adv-header-id-meta":"","stick-header-meta":"","header-above-stick-meta":"","header-main-stick-meta":"","header-below-stick-meta":"","astra-migrate-meta-layouts":"default","ast-page-background-enabled":"default","ast-page-background-meta":{"desktop":{"background-color":"var(--ast-global-color-4)","background-image":"","background-repeat":"repeat","background-position":"center center","background-size":"auto","background-attachment":"scroll","background-type":"","background-media":"","overlay-type":"","overlay-color":"","overlay-opacity":"","overlay-gradient":""},"tablet":{"background-color":"","background-image":"","background-repeat":"repeat","background-position":"center center","background-size":"auto","background-attachment":"scroll","background-type":"","background-media":"","overlay-type":"","overlay-color":"","overlay-opacity":"","overlay-gradient":""},"mobile":{"background-color":"","background-image":"","background-repeat":"repeat","background-position":"center center","background-size":"auto","background-attachment":"scroll","background-type":"","background-media":"","overlay-type":"","overlay-color":"","overlay-opacity":"","overlay-gradient":""}},"ast-content-background-meta":{"desktop":{"background-color":"var(--ast-global-color-5)","background-image":"","background-repeat":"repeat","background-position":"center center","background-size":"auto","background-attachment":"scroll","background-type":"","background-media":"","overlay-type":"","overlay-color":"","overlay-opacity":"","overlay-gradient":""},"tablet":{"background-color":"var(--ast-global-color-5)","background-image":"","background-repeat":"repeat","background-position":"center center","background-size":"auto","background-attachment":"scroll","background-type":"","background-media":"","overlay-type":"","overlay-color":"","overlay-opacity":"","overlay-gradient":""},"mobile":{"background-color":"var(--ast-global-color-5)","background-image":"","background-repeat":"repeat","background-position":"center center","background-size":"auto","background-attachment":"scroll","background-type":"","background-media":"","overlay-type":"","overlay-color":"","overlay-opacity":"","overlay-gradient":""}},"_EventAllDay":false,"_EventTimezone":"","_EventStartDate":"","_EventEndDate":"","_EventStartDateUTC":"","_EventEndDateUTC":"","_EventShowMap":false,"_EventShowMapLink":false,"_EventURL":"","_EventCost":"","_EventCostDescription":"","_EventCurrencySymbol":"","_EventCurrencyCode":"","_EventCurrencyPosition":"","_EventDateTimeSeparator":"","_EventTimeRangeSeparator":"","_EventOrganizerID":[],"_EventVenueID":[],"_OrganizerEmail":"","_OrganizerPhone":"","_OrganizerWebsite":"","_VenueAddress":"","_VenueCity":"","_VenueCountry":"","_VenueProvince":"","_VenueState":"","_VenueZip":"","_VenuePhone":"","_VenueURL":"","_VenueStateProvince":"","_VenueLat":"","_VenueLng":"","_VenueShowMap":false,"_VenueShowMapLink":false,"footnotes":""},"categories":[56,76],"tags":[],"class_list":["post-7602","post","type-post","status-publish","format-standard","has-post-thumbnail","hentry","category-actualite","category-ecoles"],"_links":{"self":[{"href":"https:\/\/www.lebreuilbourgogne.fr\/index.php\/wp-json\/wp\/v2\/posts\/7602","targetHints":{"allow":["GET"]}}],"collection":[{"href":"https:\/\/www.lebreuilbourgogne.fr\/index.php\/wp-json\/wp\/v2\/posts"}],"about":[{"href":"https:\/\/www.lebreuilbourgogne.fr\/index.php\/wp-json\/wp\/v2\/types\/post"}],"author":[{"embeddable":true,"href":"https:\/\/www.lebreuilbourgogne.fr\/index.php\/wp-json\/wp\/v2\/users\/4"}],"replies":[{"embeddable":true,"href":"https:\/\/www.lebreuilbourgogne.fr\/index.php\/wp-json\/wp\/v2\/comments?post=7602"}],"version-history":[{"count":5,"href":"https:\/\/www.lebreuilbourgogne.fr\/index.php\/wp-json\/wp\/v2\/posts\/7602\/revisions"}],"predecessor-version":[{"id":7632,"href":"https:\/\/www.lebreuilbourgogne.fr\/index.php\/wp-json\/wp\/v2\/posts\/7602\/revisions\/7632"}],"wp:featuredmedia":[{"embeddable":true,"href":"https:\/\/www.lebreuilbourgogne.fr\/index.php\/wp-json\/wp\/v2\/media\/7622"}],"wp:attachment":[{"href":"https:\/\/www.lebreuilbourgogne.fr\/index.php\/wp-json\/wp\/v2\/media?parent=7602"}],"wp:term":[{"taxonomy":"category","embeddable":true,"href":"https:\/\/www.lebreuilbourgogne.fr\/index.php\/wp-json\/wp\/v2\/categories?post=7602"},{"taxonomy":"post_tag","embeddable":true,"href":"https:\/\/www.lebreuilbourgogne.fr\/index.php\/wp-json\/wp\/v2\/tags?post=7602"}],"curies":[{"name":"wp","href":"https:\/\/api.w.org\/{rel}","templated":true}]}}