{"id":7814,"date":"2026-03-06T14:57:15","date_gmt":"2026-03-06T13:57:15","guid":{"rendered":"https:\/\/www.lebreuilbourgogne.fr\/?p=7814"},"modified":"2026-03-06T14:57:15","modified_gmt":"2026-03-06T13:57:15","slug":"elections-municipales-2026-navette-pmr","status":"publish","type":"post","link":"https:\/\/www.lebreuilbourgogne.fr\/index.php\/2026\/03\/06\/elections-municipales-2026-navette-pmr\/","title":{"rendered":"\u00c9LECTIONS MUNICIPALES 2026 \u2013 NAVETTE PMR"},"content":{"rendered":"\n<figure class=\"wp-block-image aligncenter size-large is-resized\"><img loading=\"lazy\" decoding=\"async\" width=\"1024\" height=\"572\" src=\"https:\/\/www.lebreuilbourgogne.fr\/wp-content\/uploads\/2026\/03\/Elections-municipales-2026-1024x572.jpg\" alt=\"\" class=\"wp-image-7815\" style=\"aspect-ratio:1.790225537454699;width:483px;height:auto\" srcset=\"https:\/\/www.lebreuilbourgogne.fr\/wp-content\/uploads\/2026\/03\/Elections-municipales-2026-1024x572.jpg 1024w, https:\/\/www.lebreuilbourgogne.fr\/wp-content\/uploads\/2026\/03\/Elections-municipales-2026-300x168.jpg 300w, https:\/\/www.lebreuilbourgogne.fr\/wp-content\/uploads\/2026\/03\/Elections-municipales-2026-768x429.jpg 768w, https:\/\/www.lebreuilbourgogne.fr\/wp-content\/uploads\/2026\/03\/Elections-municipales-2026-1536x858.jpg 1536w, https:\/\/www.lebreuilbourgogne.fr\/wp-content\/uploads\/2026\/03\/Elections-municipales-2026-2048x1144.jpg 2048w\" sizes=\"auto, (max-width: 1024px) 100vw, 1024px\" \/><\/figure>\n\n\n\n<p>Dans le cadre des \u00e9lections municipales 2026, la Ville du Breuil met en place un service de navette afin de faciliter l\u2019acc\u00e8s aux bureaux de vote pour les personnes \u00e0 mobilit\u00e9 r\u00e9duite ou rencontrant des difficult\u00e9s \u00e0 se d\u00e9placer seules.<\/p>\n\n\n\n<p><strong>Le minibus municipal assurera une tourn\u00e9e le jour du scrutin, dimanche 15 mars, pour transporter les brog\u00e9liens inscrits sur les listes \u00e9lectorales jusqu\u2019\u00e0 leur bureau de vote pour ensuite les ramener chez eux.<\/strong><\/p>\n\n\n\n<p>Ce service est gratuit et accessible sur inscription aupr\u00e8s de la mairie.<\/p>\n\n\n\n<p><strong>Informations et inscription\u00a0: 03 85 55 28 78 \u2013 <a href=\"mailto:mairie@lebreuilbourgogne.fr\">mairie@lebreuilbourgogne.fr<\/a><\/strong><\/p>\n","protected":false},"excerpt":{"rendered":"<p>Dans le cadre des \u00e9lections municipales 2026, la Ville du Breuil met en place un service de navette afin de faciliter l\u2019acc\u00e8s aux bureaux de vote pour les personnes \u00e0 [&hellip;]<\/p>\n","protected":false},"author":2,"featured_media":7815,"comment_status":"closed","ping_status":"closed","sticky":false,"template":"","format":"standard","meta":{"_monsterinsights_skip_tracking":false,"_monsterinsights_sitenote_active":false,"_monsterinsights_sitenote_note":"","_monsterinsights_sitenote_category":0,"site-sidebar-layout":"default","site-content-layout":"","ast-site-content-layout":"default","site-content-style":"default","site-sidebar-style":"default","ast-global-header-display":"","ast-banner-title-visibility":"","ast-main-header-display":"","ast-hfb-above-header-display":"","ast-hfb-below-header-display":"","ast-hfb-mobile-header-display":"","site-post-title":"","ast-breadcrumbs-content":"","ast-featured-img":"","footer-sml-layout":"","theme-transparent-header-meta":"","adv-header-id-meta":"","stick-header-meta":"","header-above-stick-meta":"","header-main-stick-meta":"","header-below-stick-meta":"","astra-migrate-meta-layouts":"default","ast-page-background-enabled":"default","ast-page-background-meta":{"desktop":{"background-color":"var(--ast-global-color-4)","background-image":"","background-repeat":"repeat","background-position":"center center","background-size":"auto","background-attachment":"scroll","background-type":"","background-media":"","overlay-type":"","overlay-color":"","overlay-opacity":"","overlay-gradient":""},"tablet":{"background-color":"","background-image":"","background-repeat":"repeat","background-position":"center center","background-size":"auto","background-attachment":"scroll","background-type":"","background-media":"","overlay-type":"","overlay-color":"","overlay-opacity":"","overlay-gradient":""},"mobile":{"background-color":"","background-image":"","background-repeat":"repeat","background-position":"center center","background-size":"auto","background-attachment":"scroll","background-type":"","background-media":"","overlay-type":"","overlay-color":"","overlay-opacity":"","overlay-gradient":""}},"ast-content-background-meta":{"desktop":{"background-color":"var(--ast-global-color-5)","background-image":"","background-repeat":"repeat","background-position":"center center","background-size":"auto","background-attachment":"scroll","background-type":"","background-media":"","overlay-type":"","overlay-color":"","overlay-opacity":"","overlay-gradient":""},"tablet":{"background-color":"var(--ast-global-color-5)","background-image":"","background-repeat":"repeat","background-position":"center center","background-size":"auto","background-attachment":"scroll","background-type":"","background-media":"","overlay-type":"","overlay-color":"","overlay-opacity":"","overlay-gradient":""},"mobile":{"background-color":"var(--ast-global-color-5)","background-image":"","background-repeat":"repeat","background-position":"center center","background-size":"auto","background-attachment":"scroll","background-type":"","background-media":"","overlay-type":"","overlay-color":"","overlay-opacity":"","overlay-gradient":""}},"_EventAllDay":false,"_EventTimezone":"","_EventStartDate":"","_EventEndDate":"","_EventStartDateUTC":"","_EventEndDateUTC":"","_EventShowMap":false,"_EventShowMapLink":false,"_EventURL":"","_EventCost":"","_EventCostDescription":"","_EventCurrencySymbol":"","_EventCurrencyCode":"","_EventCurrencyPosition":"","_EventDateTimeSeparator":"","_EventTimeRangeSeparator":"","_EventOrganizerID":[],"_EventVenueID":[],"_OrganizerEmail":"","_OrganizerPhone":"","_OrganizerWebsite":"","_VenueAddress":"","_VenueCity":"","_VenueCountry":"","_VenueProvince":"","_VenueState":"","_VenueZip":"","_VenuePhone":"","_VenueURL":"","_VenueStateProvince":"","_VenueLat":"","_VenueLng":"","_VenueShowMap":false,"_VenueShowMapLink":false,"footnotes":""},"categories":[56],"tags":[],"class_list":["post-7814","post","type-post","status-publish","format-standard","has-post-thumbnail","hentry","category-actualite"],"_links":{"self":[{"href":"https:\/\/www.lebreuilbourgogne.fr\/index.php\/wp-json\/wp\/v2\/posts\/7814","targetHints":{"allow":["GET"]}}],"collection":[{"href":"https:\/\/www.lebreuilbourgogne.fr\/index.php\/wp-json\/wp\/v2\/posts"}],"about":[{"href":"https:\/\/www.lebreuilbourgogne.fr\/index.php\/wp-json\/wp\/v2\/types\/post"}],"author":[{"embeddable":true,"href":"https:\/\/www.lebreuilbourgogne.fr\/index.php\/wp-json\/wp\/v2\/users\/2"}],"replies":[{"embeddable":true,"href":"https:\/\/www.lebreuilbourgogne.fr\/index.php\/wp-json\/wp\/v2\/comments?post=7814"}],"version-history":[{"count":1,"href":"https:\/\/www.lebreuilbourgogne.fr\/index.php\/wp-json\/wp\/v2\/posts\/7814\/revisions"}],"predecessor-version":[{"id":7816,"href":"https:\/\/www.lebreuilbourgogne.fr\/index.php\/wp-json\/wp\/v2\/posts\/7814\/revisions\/7816"}],"wp:featuredmedia":[{"embeddable":true,"href":"https:\/\/www.lebreuilbourgogne.fr\/index.php\/wp-json\/wp\/v2\/media\/7815"}],"wp:attachment":[{"href":"https:\/\/www.lebreuilbourgogne.fr\/index.php\/wp-json\/wp\/v2\/media?parent=7814"}],"wp:term":[{"taxonomy":"category","embeddable":true,"href":"https:\/\/www.lebreuilbourgogne.fr\/index.php\/wp-json\/wp\/v2\/categories?post=7814"},{"taxonomy":"post_tag","embeddable":true,"href":"https:\/\/www.lebreuilbourgogne.fr\/index.php\/wp-json\/wp\/v2\/tags?post=7814"}],"curies":[{"name":"wp","href":"https:\/\/api.w.org\/{rel}","templated":true}]}}