{"id":7843,"date":"2026-03-13T10:23:38","date_gmt":"2026-03-13T09:23:38","guid":{"rendered":"https:\/\/www.lebreuilbourgogne.fr\/?p=7843"},"modified":"2026-03-15T13:04:02","modified_gmt":"2026-03-15T12:04:02","slug":"informations-elections-municipales","status":"publish","type":"post","link":"https:\/\/www.lebreuilbourgogne.fr\/index.php\/2026\/03\/13\/informations-elections-municipales\/","title":{"rendered":"Informations Elections Municipales"},"content":{"rendered":"\n<p>\ud83d\uddf3\ufe0f Informations \u00c9lections municipales \u2013 1er tour : dimanche 15 mars 2026<\/p>\n\n\n\n<p>\u23f1\ufe0fHoraires des bureaux de vote : 8h00 \u00e0 18h00.<\/p>\n\n\n\n<p>Pour voter, pensez \u00e0 apporter : Une pi\u00e8ce d\u2019identit\u00e9 officielle en cours de validit\u00e9 (carte nationale d\u2019identit\u00e9, passeport, permis de conduire\u2026)<\/p>\n\n\n\n<p>\u26a0\ufe0f Attention : les pi\u00e8ces d\u2019identit\u00e9 pr\u00e9sent\u00e9es sur smartphone ne sont pas accept\u00e9es dans les bureaux de vote.<br>Seuls les documents physiques sont recevables.<\/p>\n\n\n\n<p>\ud83d\udc49 La carte \u00e9lectorale n\u2019est pas obligatoire, mais sa pr\u00e9sentation peut faciliter les op\u00e9rations de vote.<\/p>\n\n\n\n<p>\ud83d\udccc Comment se d\u00e9roule le vote ?<br>1\ufe0f\u20e3  Prise d\u2019une enveloppe et des bulletins<br>2\ufe0f\u20e3Passage dans l\u2019isoloir<br>3\ufe0f\u20e3 Pr\u00e9sentation de votre pi\u00e8ce d\u2019identit\u00e9<\/p>\n\n\n\n<p>4\ufe0f\u20e3 D\u00e9p\u00f4t de l\u2019enveloppe dans l\u2019urne<br>5\ufe0f\u20e3 Signature de la liste d\u2019\u00e9margement<\/p>\n\n\n\n<p>\u2139\ufe0f Pour toute question concernant votre bureau de vote ou votre inscription sur les listes \u00e9lectorales, vous pouvez contacter la mairie : 03 85 55 28 78 &#8211; ou consulter <a href=\"https:\/\/www.elections.interieur.gouv.fr\/mes-demarches\/je-verifie-ma-situation-electorale\">https:\/\/www.elections.interieur.gouv.fr\/mes-demarches\/je-verifie-ma-situation-electorale<\/a> pour conna\u00eetre votre situation \u00e9lectorale<\/p>\n\n\n\n<p><\/p>\n","protected":false},"excerpt":{"rendered":"<p>\ud83d\uddf3\ufe0f Informations \u00c9lections municipales \u2013 1er tour : dimanche 15 mars 2026 \u23f1\ufe0fHoraires des bureaux de vote : 8h00 \u00e0 18h00. Pour voter, pensez \u00e0 apporter : Une pi\u00e8ce d\u2019identit\u00e9 [&hellip;]<\/p>\n","protected":false},"author":2,"featured_media":7815,"comment_status":"closed","ping_status":"closed","sticky":false,"template":"","format":"standard","meta":{"_monsterinsights_skip_tracking":false,"_monsterinsights_sitenote_active":false,"_monsterinsights_sitenote_note":"","_monsterinsights_sitenote_category":0,"site-sidebar-layout":"default","site-content-layout":"","ast-site-content-layout":"default","site-content-style":"default","site-sidebar-style":"default","ast-global-header-display":"","ast-banner-title-visibility":"","ast-main-header-display":"","ast-hfb-above-header-display":"","ast-hfb-below-header-display":"","ast-hfb-mobile-header-display":"","site-post-title":"","ast-breadcrumbs-content":"","ast-featured-img":"","footer-sml-layout":"","theme-transparent-header-meta":"","adv-header-id-meta":"","stick-header-meta":"","header-above-stick-meta":"","header-main-stick-meta":"","header-below-stick-meta":"","astra-migrate-meta-layouts":"default","ast-page-background-enabled":"default","ast-page-background-meta":{"desktop":{"background-color":"var(--ast-global-color-4)","background-image":"","background-repeat":"repeat","background-position":"center center","background-size":"auto","background-attachment":"scroll","background-type":"","background-media":"","overlay-type":"","overlay-color":"","overlay-opacity":"","overlay-gradient":""},"tablet":{"background-color":"","background-image":"","background-repeat":"repeat","background-position":"center center","background-size":"auto","background-attachment":"scroll","background-type":"","background-media":"","overlay-type":"","overlay-color":"","overlay-opacity":"","overlay-gradient":""},"mobile":{"background-color":"","background-image":"","background-repeat":"repeat","background-position":"center center","background-size":"auto","background-attachment":"scroll","background-type":"","background-media":"","overlay-type":"","overlay-color":"","overlay-opacity":"","overlay-gradient":""}},"ast-content-background-meta":{"desktop":{"background-color":"var(--ast-global-color-5)","background-image":"","background-repeat":"repeat","background-position":"center center","background-size":"auto","background-attachment":"scroll","background-type":"","background-media":"","overlay-type":"","overlay-color":"","overlay-opacity":"","overlay-gradient":""},"tablet":{"background-color":"var(--ast-global-color-5)","background-image":"","background-repeat":"repeat","background-position":"center center","background-size":"auto","background-attachment":"scroll","background-type":"","background-media":"","overlay-type":"","overlay-color":"","overlay-opacity":"","overlay-gradient":""},"mobile":{"background-color":"var(--ast-global-color-5)","background-image":"","background-repeat":"repeat","background-position":"center center","background-size":"auto","background-attachment":"scroll","background-type":"","background-media":"","overlay-type":"","overlay-color":"","overlay-opacity":"","overlay-gradient":""}},"_EventAllDay":false,"_EventTimezone":"","_EventStartDate":"","_EventEndDate":"","_EventStartDateUTC":"","_EventEndDateUTC":"","_EventShowMap":false,"_EventShowMapLink":false,"_EventURL":"","_EventCost":"","_EventCostDescription":"","_EventCurrencySymbol":"","_EventCurrencyCode":"","_EventCurrencyPosition":"","_EventDateTimeSeparator":"","_EventTimeRangeSeparator":"","_EventOrganizerID":[],"_EventVenueID":[],"_OrganizerEmail":"","_OrganizerPhone":"","_OrganizerWebsite":"","_VenueAddress":"","_VenueCity":"","_VenueCountry":"","_VenueProvince":"","_VenueState":"","_VenueZip":"","_VenuePhone":"","_VenueURL":"","_VenueStateProvince":"","_VenueLat":"","_VenueLng":"","_VenueShowMap":false,"_VenueShowMapLink":false,"footnotes":""},"categories":[56],"tags":[],"class_list":["post-7843","post","type-post","status-publish","format-standard","has-post-thumbnail","hentry","category-actualite"],"_links":{"self":[{"href":"https:\/\/www.lebreuilbourgogne.fr\/index.php\/wp-json\/wp\/v2\/posts\/7843","targetHints":{"allow":["GET"]}}],"collection":[{"href":"https:\/\/www.lebreuilbourgogne.fr\/index.php\/wp-json\/wp\/v2\/posts"}],"about":[{"href":"https:\/\/www.lebreuilbourgogne.fr\/index.php\/wp-json\/wp\/v2\/types\/post"}],"author":[{"embeddable":true,"href":"https:\/\/www.lebreuilbourgogne.fr\/index.php\/wp-json\/wp\/v2\/users\/2"}],"replies":[{"embeddable":true,"href":"https:\/\/www.lebreuilbourgogne.fr\/index.php\/wp-json\/wp\/v2\/comments?post=7843"}],"version-history":[{"count":2,"href":"https:\/\/www.lebreuilbourgogne.fr\/index.php\/wp-json\/wp\/v2\/posts\/7843\/revisions"}],"predecessor-version":[{"id":7846,"href":"https:\/\/www.lebreuilbourgogne.fr\/index.php\/wp-json\/wp\/v2\/posts\/7843\/revisions\/7846"}],"wp:featuredmedia":[{"embeddable":true,"href":"https:\/\/www.lebreuilbourgogne.fr\/index.php\/wp-json\/wp\/v2\/media\/7815"}],"wp:attachment":[{"href":"https:\/\/www.lebreuilbourgogne.fr\/index.php\/wp-json\/wp\/v2\/media?parent=7843"}],"wp:term":[{"taxonomy":"category","embeddable":true,"href":"https:\/\/www.lebreuilbourgogne.fr\/index.php\/wp-json\/wp\/v2\/categories?post=7843"},{"taxonomy":"post_tag","embeddable":true,"href":"https:\/\/www.lebreuilbourgogne.fr\/index.php\/wp-json\/wp\/v2\/tags?post=7843"}],"curies":[{"name":"wp","href":"https:\/\/api.w.org\/{rel}","templated":true}]}}