{"id":8064,"date":"2026-04-13T15:58:30","date_gmt":"2026-04-13T13:58:30","guid":{"rendered":"https:\/\/www.lebreuilbourgogne.fr\/?p=8064"},"modified":"2026-04-13T15:58:46","modified_gmt":"2026-04-13T13:58:46","slug":"projet-forge-de-nouvel-atelier-de-forge-dans-la-zone-industrielle-du-creusot-participez-a-la-concertation-continue","status":"publish","type":"post","link":"https:\/\/www.lebreuilbourgogne.fr\/index.php\/2026\/04\/13\/projet-forge-de-nouvel-atelier-de-forge-dans-la-zone-industrielle-du-creusot-participez-a-la-concertation-continue\/","title":{"rendered":"Projet Forge+ de nouvel atelier de forge dans la zone industrielle du Creusot : Participez \u00e0 la concertation continue\u00a0!"},"content":{"rendered":"\n<figure class=\"wp-block-image aligncenter size-large\"><img loading=\"lazy\" decoding=\"async\" width=\"1024\" height=\"538\" src=\"https:\/\/www.lebreuilbourgogne.fr\/wp-content\/uploads\/2026\/04\/Framatome_Concertation-continue_Forge_Facebook-1200x630px-1024x538.jpg\" alt=\"\" class=\"wp-image-8067\" srcset=\"https:\/\/www.lebreuilbourgogne.fr\/wp-content\/uploads\/2026\/04\/Framatome_Concertation-continue_Forge_Facebook-1200x630px-1024x538.jpg 1024w, https:\/\/www.lebreuilbourgogne.fr\/wp-content\/uploads\/2026\/04\/Framatome_Concertation-continue_Forge_Facebook-1200x630px-300x158.jpg 300w, https:\/\/www.lebreuilbourgogne.fr\/wp-content\/uploads\/2026\/04\/Framatome_Concertation-continue_Forge_Facebook-1200x630px-768x403.jpg 768w, https:\/\/www.lebreuilbourgogne.fr\/wp-content\/uploads\/2026\/04\/Framatome_Concertation-continue_Forge_Facebook-1200x630px.jpg 1200w\" sizes=\"auto, (max-width: 1024px) 100vw, 1024px\" \/><\/figure>\n\n\n\n<p><strong>Projet Forge+ de nouvel atelier de forge dans la zone industrielle du Creusot :<\/strong><strong> Participez \u00e0 la concertation continue&nbsp;!<\/strong><strong><\/strong><\/p>\n\n\n\n<p>\u00c0 la suite de la concertation pr\u00e9alable qui s\u2019est tenue du 27 mai au 27 juillet 2025 sur le projet Forge+ de nouvel atelier de forge dans la zone industrielle du Creusot et sur son raccordement \u00e9lectrique, une concertation continue est organis\u00e9e sous l\u2019\u00e9gide de la Commission Nationale du D\u00e9bat Public. Elle permet de poursuivre l\u2019information et le dialogue engag\u00e9 avec le public lors de la concertation pr\u00e9alable.<\/p>\n\n\n\n<p><strong>Dans ce cadre, une nouvelle rencontre de concertation <\/strong>est organis\u00e9e par Framatome sur le sujet de la <strong>passation des march\u00e9s pour la r\u00e9alisation du projet Forge+<\/strong>. Rendez-vous <strong>le 21 avril 2026, de 18h \u00e0 20h, \u00e0 la Maison des associations Guynemer<\/strong>&nbsp;(5 rue Guynemer, 71200 Le Creusot). Framatome pr\u00e9sentera les sujets suivants :&nbsp;<\/p>\n\n\n\n<ul class=\"wp-block-list\">\n<li>les avanc\u00e9es du projet depuis la concertation pr\u00e9alable, notamment en lien avec les attentes en mati\u00e8re de retomb\u00e9es \u00e9conomiques pour le territoire ;<\/li>\n\n\n\n<li>les march\u00e9s qui seront pass\u00e9s par Framatome pour les phases de travaux et d&rsquo;exploitation ;<\/li>\n\n\n\n<li>la politique achat de Framatome.<\/li>\n<\/ul>\n\n\n\n<p>Pour plus d\u2019informations&nbsp;sur le projet, les temps d\u2019\u00e9change et les moyens de contribuer, renseignez-vous sur&nbsp;<a href=\"https:\/\/concertation.forgeplus.fr\/\">concertation.forgeplus.fr<\/a> ou \u00e9crivez \u00e0<a href=\"file:\/\/systra.info\/dfs1\/entites\/8-FRA\/8A-DCA\/06-Op\u00e9rations\/COD_ACC_FR01T21A64_Gigafactory\/Framatome_dossier%20de%20travail\/Dispositif%20de%20concertation_information\/Kit%20de%20com\/concertation.forgeplus@framatome.com\">concertation.forgeplus@framatome.com<\/a>.<\/p>\n","protected":false},"excerpt":{"rendered":"<p>Projet Forge+ de nouvel atelier de forge dans la zone industrielle du Creusot : Participez \u00e0 la concertation continue&nbsp;! \u00c0 la suite de la concertation pr\u00e9alable qui s\u2019est tenue du [&hellip;]<\/p>\n","protected":false},"author":2,"featured_media":8065,"comment_status":"closed","ping_status":"closed","sticky":false,"template":"","format":"standard","meta":{"_monsterinsights_skip_tracking":false,"_monsterinsights_sitenote_active":false,"_monsterinsights_sitenote_note":"","_monsterinsights_sitenote_category":0,"site-sidebar-layout":"default","site-content-layout":"","ast-site-content-layout":"default","site-content-style":"default","site-sidebar-style":"default","ast-global-header-display":"","ast-banner-title-visibility":"","ast-main-header-display":"","ast-hfb-above-header-display":"","ast-hfb-below-header-display":"","ast-hfb-mobile-header-display":"","site-post-title":"","ast-breadcrumbs-content":"","ast-featured-img":"","footer-sml-layout":"","theme-transparent-header-meta":"","adv-header-id-meta":"","stick-header-meta":"","header-above-stick-meta":"","header-main-stick-meta":"","header-below-stick-meta":"","astra-migrate-meta-layouts":"default","ast-page-background-enabled":"default","ast-page-background-meta":{"desktop":{"background-color":"var(--ast-global-color-4)","background-image":"","background-repeat":"repeat","background-position":"center center","background-size":"auto","background-attachment":"scroll","background-type":"","background-media":"","overlay-type":"","overlay-color":"","overlay-opacity":"","overlay-gradient":""},"tablet":{"background-color":"","background-image":"","background-repeat":"repeat","background-position":"center center","background-size":"auto","background-attachment":"scroll","background-type":"","background-media":"","overlay-type":"","overlay-color":"","overlay-opacity":"","overlay-gradient":""},"mobile":{"background-color":"","background-image":"","background-repeat":"repeat","background-position":"center center","background-size":"auto","background-attachment":"scroll","background-type":"","background-media":"","overlay-type":"","overlay-color":"","overlay-opacity":"","overlay-gradient":""}},"ast-content-background-meta":{"desktop":{"background-color":"var(--ast-global-color-5)","background-image":"","background-repeat":"repeat","background-position":"center center","background-size":"auto","background-attachment":"scroll","background-type":"","background-media":"","overlay-type":"","overlay-color":"","overlay-opacity":"","overlay-gradient":""},"tablet":{"background-color":"var(--ast-global-color-5)","background-image":"","background-repeat":"repeat","background-position":"center center","background-size":"auto","background-attachment":"scroll","background-type":"","background-media":"","overlay-type":"","overlay-color":"","overlay-opacity":"","overlay-gradient":""},"mobile":{"background-color":"var(--ast-global-color-5)","background-image":"","background-repeat":"repeat","background-position":"center center","background-size":"auto","background-attachment":"scroll","background-type":"","background-media":"","overlay-type":"","overlay-color":"","overlay-opacity":"","overlay-gradient":""}},"_EventAllDay":false,"_EventTimezone":"","_EventStartDate":"","_EventEndDate":"","_EventStartDateUTC":"","_EventEndDateUTC":"","_EventShowMap":false,"_EventShowMapLink":false,"_EventURL":"","_EventCost":"","_EventCostDescription":"","_EventCurrencySymbol":"","_EventCurrencyCode":"","_EventCurrencyPosition":"","_EventDateTimeSeparator":"","_EventTimeRangeSeparator":"","_EventOrganizerID":[],"_EventVenueID":[],"_OrganizerEmail":"","_OrganizerPhone":"","_OrganizerWebsite":"","_VenueAddress":"","_VenueCity":"","_VenueCountry":"","_VenueProvince":"","_VenueState":"","_VenueZip":"","_VenuePhone":"","_VenueURL":"","_VenueStateProvince":"","_VenueLat":"","_VenueLng":"","_VenueShowMap":false,"_VenueShowMapLink":false,"footnotes":""},"categories":[70],"tags":[],"class_list":["post-8064","post","type-post","status-publish","format-standard","has-post-thumbnail","hentry","category-informations-et-communiques"],"_links":{"self":[{"href":"https:\/\/www.lebreuilbourgogne.fr\/index.php\/wp-json\/wp\/v2\/posts\/8064","targetHints":{"allow":["GET"]}}],"collection":[{"href":"https:\/\/www.lebreuilbourgogne.fr\/index.php\/wp-json\/wp\/v2\/posts"}],"about":[{"href":"https:\/\/www.lebreuilbourgogne.fr\/index.php\/wp-json\/wp\/v2\/types\/post"}],"author":[{"embeddable":true,"href":"https:\/\/www.lebreuilbourgogne.fr\/index.php\/wp-json\/wp\/v2\/users\/2"}],"replies":[{"embeddable":true,"href":"https:\/\/www.lebreuilbourgogne.fr\/index.php\/wp-json\/wp\/v2\/comments?post=8064"}],"version-history":[{"count":2,"href":"https:\/\/www.lebreuilbourgogne.fr\/index.php\/wp-json\/wp\/v2\/posts\/8064\/revisions"}],"predecessor-version":[{"id":8068,"href":"https:\/\/www.lebreuilbourgogne.fr\/index.php\/wp-json\/wp\/v2\/posts\/8064\/revisions\/8068"}],"wp:featuredmedia":[{"embeddable":true,"href":"https:\/\/www.lebreuilbourgogne.fr\/index.php\/wp-json\/wp\/v2\/media\/8065"}],"wp:attachment":[{"href":"https:\/\/www.lebreuilbourgogne.fr\/index.php\/wp-json\/wp\/v2\/media?parent=8064"}],"wp:term":[{"taxonomy":"category","embeddable":true,"href":"https:\/\/www.lebreuilbourgogne.fr\/index.php\/wp-json\/wp\/v2\/categories?post=8064"},{"taxonomy":"post_tag","embeddable":true,"href":"https:\/\/www.lebreuilbourgogne.fr\/index.php\/wp-json\/wp\/v2\/tags?post=8064"}],"curies":[{"name":"wp","href":"https:\/\/api.w.org\/{rel}","templated":true}]}}