{"id":8082,"date":"2026-04-13T16:54:45","date_gmt":"2026-04-13T14:54:45","guid":{"rendered":"https:\/\/www.lebreuilbourgogne.fr\/?p=8082"},"modified":"2026-04-13T16:54:45","modified_gmt":"2026-04-13T14:54:45","slug":"communique-incendie-famille-brogelienne","status":"publish","type":"post","link":"https:\/\/www.lebreuilbourgogne.fr\/index.php\/2026\/04\/13\/communique-incendie-famille-brogelienne\/","title":{"rendered":"Communiqu\u00e9 &#8211; incendie famille brog\u00e9lienne"},"content":{"rendered":"\n<p><a>Suite \u00e0 l\u2019incendie survenu ce week-end au domicile d\u2019une famille brog\u00e9lienne, Madame le Maire avec l\u2019ensemble du Conseil Municipal, lui assure tout leur soutien face \u00e0 ce sinistre&nbsp;:<\/a><\/p>\n\n\n\n<p>Afin de leur venir en aide, un \u00e9lan de solidarit\u00e9 s\u2019organise.<\/p>\n\n\n\n<p>Une cagnotte en ligne a \u00e9t\u00e9 mise en place pour soutenir la famille dans cette \u00e9preuve : <a href=\"https:\/\/www.leetchi.com\/fr\/c\/solidarite-apres-lincendie-aidons-les-a-reconstruire-1709178?utm_source=copylink&amp;utm_medium=social_sharing&amp;fbclid=IwY2xjawRJdVZleHRuA2FlbQIxMQBzcnRjBmFwcF9pZBAyMjIwMzkxNzg4MjAwODkyAAEe7bIkXwQfPFl_ph9s-mOwTiVxv3jIWXFctP7xyU8h6up702yXV8vTOnb15mU_aem_I94aAFQjCsiRwSkoialzyQ\">https:\/\/www.leetchi.com\/fr\/c\/solidarite-apres-lincendie-aidons-les-a-reconstruire-1709178?utm_source=copylink&amp;utm_medium=social_sharing&amp;fbclid=IwY2xjawRJdVZleHRuA2FlbQIxMQBzcnRjBmFwcF9pZBAyMjIwMzkxNzg4MjAwODkyAAEe7bIkXwQfPFl_ph9s-mOwTiVxv3jIWXFctP7xyU8h6up702yXV8vTOnb15mU_aem_I94aAFQjCsiRwSkoialzyQ<\/a><\/p>\n\n\n\n<p>Les besoins mat\u00e9riels imm\u00e9diats sont&nbsp;:<\/p>\n\n\n\n<ul class=\"wp-block-list\">\n<li>Linge de maison (draps, couvertures, serviettes\u2026)<\/li>\n\n\n\n<li>Mobilier<\/li>\n\n\n\n<li>Affaires de toilette<\/li>\n\n\n\n<li>\u00c9lectrom\u00e9nager<\/li>\n\n\n\n<li>\u2026<\/li>\n<\/ul>\n\n\n\n<p>Afin de coordonner efficacement cet \u00e9lan de solidarit\u00e9 et r\u00e9pondre au mieux aux besoins de la famille, nous vous invitons \u00e0 prendre contact avec la Mairie en pr\u00e9cisant les objets que vous souhaitez donner.<\/p>\n\n\n\n<p><strong><em>Mairie&nbsp;: 03 85 55 28 78 \u2013 mairie@lebreuilbourgogne.fr<\/em><\/strong><\/p>\n\n\n\n<p>Les services municipaux se chargeront de faire le lien avec la famille, au gr\u00e9 de l\u2019\u00e9volution de la situation et de leur futur logement, afin d\u2019assurer une aide la plus adapt\u00e9e possible<\/p>\n\n\n\n<p>Nous remercions chaleureusement toutes les personnes qui souhaiteront leur apporter leur soutien.<\/p>\n","protected":false},"excerpt":{"rendered":"<p>Suite \u00e0 l\u2019incendie survenu ce week-end au domicile d\u2019une famille brog\u00e9lienne, Madame le Maire avec l\u2019ensemble du Conseil Municipal, lui assure tout leur soutien face \u00e0 ce sinistre&nbsp;: Afin de [&hellip;]<\/p>\n","protected":false},"author":2,"featured_media":8083,"comment_status":"closed","ping_status":"open","sticky":false,"template":"","format":"standard","meta":{"_monsterinsights_skip_tracking":false,"_monsterinsights_sitenote_active":false,"_monsterinsights_sitenote_note":"","_monsterinsights_sitenote_category":0,"site-sidebar-layout":"default","site-content-layout":"","ast-site-content-layout":"default","site-content-style":"default","site-sidebar-style":"default","ast-global-header-display":"","ast-banner-title-visibility":"","ast-main-header-display":"","ast-hfb-above-header-display":"","ast-hfb-below-header-display":"","ast-hfb-mobile-header-display":"","site-post-title":"","ast-breadcrumbs-content":"","ast-featured-img":"","footer-sml-layout":"","theme-transparent-header-meta":"","adv-header-id-meta":"","stick-header-meta":"","header-above-stick-meta":"","header-main-stick-meta":"","header-below-stick-meta":"","astra-migrate-meta-layouts":"default","ast-page-background-enabled":"default","ast-page-background-meta":{"desktop":{"background-color":"var(--ast-global-color-4)","background-image":"","background-repeat":"repeat","background-position":"center center","background-size":"auto","background-attachment":"scroll","background-type":"","background-media":"","overlay-type":"","overlay-color":"","overlay-opacity":"","overlay-gradient":""},"tablet":{"background-color":"","background-image":"","background-repeat":"repeat","background-position":"center center","background-size":"auto","background-attachment":"scroll","background-type":"","background-media":"","overlay-type":"","overlay-color":"","overlay-opacity":"","overlay-gradient":""},"mobile":{"background-color":"","background-image":"","background-repeat":"repeat","background-position":"center center","background-size":"auto","background-attachment":"scroll","background-type":"","background-media":"","overlay-type":"","overlay-color":"","overlay-opacity":"","overlay-gradient":""}},"ast-content-background-meta":{"desktop":{"background-color":"var(--ast-global-color-5)","background-image":"","background-repeat":"repeat","background-position":"center center","background-size":"auto","background-attachment":"scroll","background-type":"","background-media":"","overlay-type":"","overlay-color":"","overlay-opacity":"","overlay-gradient":""},"tablet":{"background-color":"var(--ast-global-color-5)","background-image":"","background-repeat":"repeat","background-position":"center center","background-size":"auto","background-attachment":"scroll","background-type":"","background-media":"","overlay-type":"","overlay-color":"","overlay-opacity":"","overlay-gradient":""},"mobile":{"background-color":"var(--ast-global-color-5)","background-image":"","background-repeat":"repeat","background-position":"center center","background-size":"auto","background-attachment":"scroll","background-type":"","background-media":"","overlay-type":"","overlay-color":"","overlay-opacity":"","overlay-gradient":""}},"_EventAllDay":false,"_EventTimezone":"","_EventStartDate":"","_EventEndDate":"","_EventStartDateUTC":"","_EventEndDateUTC":"","_EventShowMap":false,"_EventShowMapLink":false,"_EventURL":"","_EventCost":"","_EventCostDescription":"","_EventCurrencySymbol":"","_EventCurrencyCode":"","_EventCurrencyPosition":"","_EventDateTimeSeparator":"","_EventTimeRangeSeparator":"","_EventOrganizerID":[],"_EventVenueID":[],"_OrganizerEmail":"","_OrganizerPhone":"","_OrganizerWebsite":"","_VenueAddress":"","_VenueCity":"","_VenueCountry":"","_VenueProvince":"","_VenueState":"","_VenueZip":"","_VenuePhone":"","_VenueURL":"","_VenueStateProvince":"","_VenueLat":"","_VenueLng":"","_VenueShowMap":false,"_VenueShowMapLink":false,"footnotes":""},"categories":[56,70],"tags":[],"class_list":["post-8082","post","type-post","status-publish","format-standard","has-post-thumbnail","hentry","category-actualite","category-informations-et-communiques"],"_links":{"self":[{"href":"https:\/\/www.lebreuilbourgogne.fr\/index.php\/wp-json\/wp\/v2\/posts\/8082","targetHints":{"allow":["GET"]}}],"collection":[{"href":"https:\/\/www.lebreuilbourgogne.fr\/index.php\/wp-json\/wp\/v2\/posts"}],"about":[{"href":"https:\/\/www.lebreuilbourgogne.fr\/index.php\/wp-json\/wp\/v2\/types\/post"}],"author":[{"embeddable":true,"href":"https:\/\/www.lebreuilbourgogne.fr\/index.php\/wp-json\/wp\/v2\/users\/2"}],"replies":[{"embeddable":true,"href":"https:\/\/www.lebreuilbourgogne.fr\/index.php\/wp-json\/wp\/v2\/comments?post=8082"}],"version-history":[{"count":1,"href":"https:\/\/www.lebreuilbourgogne.fr\/index.php\/wp-json\/wp\/v2\/posts\/8082\/revisions"}],"predecessor-version":[{"id":8084,"href":"https:\/\/www.lebreuilbourgogne.fr\/index.php\/wp-json\/wp\/v2\/posts\/8082\/revisions\/8084"}],"wp:featuredmedia":[{"embeddable":true,"href":"https:\/\/www.lebreuilbourgogne.fr\/index.php\/wp-json\/wp\/v2\/media\/8083"}],"wp:attachment":[{"href":"https:\/\/www.lebreuilbourgogne.fr\/index.php\/wp-json\/wp\/v2\/media?parent=8082"}],"wp:term":[{"taxonomy":"category","embeddable":true,"href":"https:\/\/www.lebreuilbourgogne.fr\/index.php\/wp-json\/wp\/v2\/categories?post=8082"},{"taxonomy":"post_tag","embeddable":true,"href":"https:\/\/www.lebreuilbourgogne.fr\/index.php\/wp-json\/wp\/v2\/tags?post=8082"}],"curies":[{"name":"wp","href":"https:\/\/api.w.org\/{rel}","templated":true}]}}