{"id":8086,"date":"2026-04-13T17:17:07","date_gmt":"2026-04-13T15:17:07","guid":{"rendered":"https:\/\/www.lebreuilbourgogne.fr\/?p=8086"},"modified":"2026-04-13T17:17:53","modified_gmt":"2026-04-13T15:17:53","slug":"les-gouter-de-la-bibliotheque","status":"publish","type":"post","link":"https:\/\/www.lebreuilbourgogne.fr\/index.php\/2026\/04\/13\/les-gouter-de-la-bibliotheque\/","title":{"rendered":"Les go\u00fbters de la Biblioth\u00e8que"},"content":{"rendered":"\n<p><em>Tous les quinze jours, si vous souhaitez passer un moment agr\u00e9able tout en sirotant une tasse de caf\u00e9 ou de th\u00e9, la biblioth\u00e8que municipale du Breuil vous propose une pause go\u00fbter. Gratuit et accessible \u00e0 tous, que vous soyez abonn\u00e9 ou non, cet \u00e9change convivial assis dans nos fauteuils, accompagn\u00e9 de la d\u00e9gustation de g\u00e2teaux et de sucreries, vous permet de d\u00e9couvrir la biblioth\u00e8que sous un autre angle que celui de la lecture. <\/em><\/p>\n\n\n\n<p><em>N&rsquo;h\u00e9sitez pas \u00e0 apporter vous-m\u00eame vos recettes et \u00e0 les \u00e9changer avec les personnes pr\u00e9sentes !<\/em><\/p>\n\n\n\n<p><em><strong>Prochain go\u00fbter : <u>le mercredi 22 avril \u00e0 16H<\/u>.<\/strong><\/em><\/p>\n\n\n\n<figure class=\"wp-block-gallery has-nested-images columns-default is-cropped wp-block-gallery-1 is-layout-flex wp-block-gallery-is-layout-flex\">\n<figure class=\"wp-block-image size-large\"><img loading=\"lazy\" decoding=\"async\" width=\"1024\" height=\"768\" data-id=\"8087\" src=\"https:\/\/www.lebreuilbourgogne.fr\/wp-content\/uploads\/2026\/04\/IMG_0756-1024x768.jpg\" alt=\"\" class=\"wp-image-8087\" srcset=\"https:\/\/www.lebreuilbourgogne.fr\/wp-content\/uploads\/2026\/04\/IMG_0756-1024x768.jpg 1024w, https:\/\/www.lebreuilbourgogne.fr\/wp-content\/uploads\/2026\/04\/IMG_0756-300x225.jpg 300w, https:\/\/www.lebreuilbourgogne.fr\/wp-content\/uploads\/2026\/04\/IMG_0756-768x576.jpg 768w, https:\/\/www.lebreuilbourgogne.fr\/wp-content\/uploads\/2026\/04\/IMG_0756-1536x1152.jpg 1536w, https:\/\/www.lebreuilbourgogne.fr\/wp-content\/uploads\/2026\/04\/IMG_0756-2048x1536.jpg 2048w\" sizes=\"auto, (max-width: 1024px) 100vw, 1024px\" \/><\/figure>\n\n\n\n<figure class=\"wp-block-image size-large\"><img loading=\"lazy\" decoding=\"async\" width=\"1024\" height=\"768\" data-id=\"8088\" src=\"https:\/\/www.lebreuilbourgogne.fr\/wp-content\/uploads\/2026\/04\/IMG_1317-1024x768.jpeg\" alt=\"\" class=\"wp-image-8088\" srcset=\"https:\/\/www.lebreuilbourgogne.fr\/wp-content\/uploads\/2026\/04\/IMG_1317-1024x768.jpeg 1024w, https:\/\/www.lebreuilbourgogne.fr\/wp-content\/uploads\/2026\/04\/IMG_1317-300x225.jpeg 300w, https:\/\/www.lebreuilbourgogne.fr\/wp-content\/uploads\/2026\/04\/IMG_1317-768x576.jpeg 768w, https:\/\/www.lebreuilbourgogne.fr\/wp-content\/uploads\/2026\/04\/IMG_1317-1536x1152.jpeg 1536w, https:\/\/www.lebreuilbourgogne.fr\/wp-content\/uploads\/2026\/04\/IMG_1317-2048x1536.jpeg 2048w\" sizes=\"auto, (max-width: 1024px) 100vw, 1024px\" \/><\/figure>\n\n\n\n<figure class=\"wp-block-image size-large\"><img loading=\"lazy\" decoding=\"async\" width=\"1024\" height=\"768\" data-id=\"8089\" src=\"https:\/\/www.lebreuilbourgogne.fr\/wp-content\/uploads\/2026\/04\/IMG_0761-1-1024x768.jpg\" alt=\"\" class=\"wp-image-8089\" srcset=\"https:\/\/www.lebreuilbourgogne.fr\/wp-content\/uploads\/2026\/04\/IMG_0761-1-1024x768.jpg 1024w, https:\/\/www.lebreuilbourgogne.fr\/wp-content\/uploads\/2026\/04\/IMG_0761-1-300x225.jpg 300w, https:\/\/www.lebreuilbourgogne.fr\/wp-content\/uploads\/2026\/04\/IMG_0761-1-768x576.jpg 768w, https:\/\/www.lebreuilbourgogne.fr\/wp-content\/uploads\/2026\/04\/IMG_0761-1-1536x1152.jpg 1536w, https:\/\/www.lebreuilbourgogne.fr\/wp-content\/uploads\/2026\/04\/IMG_0761-1-2048x1536.jpg 2048w\" sizes=\"auto, (max-width: 1024px) 100vw, 1024px\" \/><\/figure>\n<\/figure>\n","protected":false},"excerpt":{"rendered":"<p>Tous les quinze jours, si vous souhaitez passer un moment agr\u00e9able tout en sirotant une tasse de caf\u00e9 ou de th\u00e9, la biblioth\u00e8que municipale du Breuil vous propose une pause [&hellip;]<\/p>\n","protected":false},"author":2,"featured_media":8088,"comment_status":"closed","ping_status":"closed","sticky":false,"template":"","format":"standard","meta":{"_monsterinsights_skip_tracking":false,"_monsterinsights_sitenote_active":false,"_monsterinsights_sitenote_note":"","_monsterinsights_sitenote_category":0,"site-sidebar-layout":"default","site-content-layout":"","ast-site-content-layout":"default","site-content-style":"default","site-sidebar-style":"default","ast-global-header-display":"","ast-banner-title-visibility":"","ast-main-header-display":"","ast-hfb-above-header-display":"","ast-hfb-below-header-display":"","ast-hfb-mobile-header-display":"","site-post-title":"","ast-breadcrumbs-content":"","ast-featured-img":"","footer-sml-layout":"","theme-transparent-header-meta":"","adv-header-id-meta":"","stick-header-meta":"","header-above-stick-meta":"","header-main-stick-meta":"","header-below-stick-meta":"","astra-migrate-meta-layouts":"default","ast-page-background-enabled":"default","ast-page-background-meta":{"desktop":{"background-color":"var(--ast-global-color-4)","background-image":"","background-repeat":"repeat","background-position":"center center","background-size":"auto","background-attachment":"scroll","background-type":"","background-media":"","overlay-type":"","overlay-color":"","overlay-opacity":"","overlay-gradient":""},"tablet":{"background-color":"","background-image":"","background-repeat":"repeat","background-position":"center center","background-size":"auto","background-attachment":"scroll","background-type":"","background-media":"","overlay-type":"","overlay-color":"","overlay-opacity":"","overlay-gradient":""},"mobile":{"background-color":"","background-image":"","background-repeat":"repeat","background-position":"center center","background-size":"auto","background-attachment":"scroll","background-type":"","background-media":"","overlay-type":"","overlay-color":"","overlay-opacity":"","overlay-gradient":""}},"ast-content-background-meta":{"desktop":{"background-color":"var(--ast-global-color-5)","background-image":"","background-repeat":"repeat","background-position":"center center","background-size":"auto","background-attachment":"scroll","background-type":"","background-media":"","overlay-type":"","overlay-color":"","overlay-opacity":"","overlay-gradient":""},"tablet":{"background-color":"var(--ast-global-color-5)","background-image":"","background-repeat":"repeat","background-position":"center center","background-size":"auto","background-attachment":"scroll","background-type":"","background-media":"","overlay-type":"","overlay-color":"","overlay-opacity":"","overlay-gradient":""},"mobile":{"background-color":"var(--ast-global-color-5)","background-image":"","background-repeat":"repeat","background-position":"center center","background-size":"auto","background-attachment":"scroll","background-type":"","background-media":"","overlay-type":"","overlay-color":"","overlay-opacity":"","overlay-gradient":""}},"_EventAllDay":false,"_EventTimezone":"","_EventStartDate":"","_EventEndDate":"","_EventStartDateUTC":"","_EventEndDateUTC":"","_EventShowMap":false,"_EventShowMapLink":false,"_EventURL":"","_EventCost":"","_EventCostDescription":"","_EventCurrencySymbol":"","_EventCurrencyCode":"","_EventCurrencyPosition":"","_EventDateTimeSeparator":"","_EventTimeRangeSeparator":"","_EventOrganizerID":[],"_EventVenueID":[],"_OrganizerEmail":"","_OrganizerPhone":"","_OrganizerWebsite":"","_VenueAddress":"","_VenueCity":"","_VenueCountry":"","_VenueProvince":"","_VenueState":"","_VenueZip":"","_VenuePhone":"","_VenueURL":"","_VenueStateProvince":"","_VenueLat":"","_VenueLng":"","_VenueShowMap":false,"_VenueShowMapLink":false,"footnotes":""},"categories":[56],"tags":[],"class_list":["post-8086","post","type-post","status-publish","format-standard","has-post-thumbnail","hentry","category-actualite"],"_links":{"self":[{"href":"https:\/\/www.lebreuilbourgogne.fr\/index.php\/wp-json\/wp\/v2\/posts\/8086","targetHints":{"allow":["GET"]}}],"collection":[{"href":"https:\/\/www.lebreuilbourgogne.fr\/index.php\/wp-json\/wp\/v2\/posts"}],"about":[{"href":"https:\/\/www.lebreuilbourgogne.fr\/index.php\/wp-json\/wp\/v2\/types\/post"}],"author":[{"embeddable":true,"href":"https:\/\/www.lebreuilbourgogne.fr\/index.php\/wp-json\/wp\/v2\/users\/2"}],"replies":[{"embeddable":true,"href":"https:\/\/www.lebreuilbourgogne.fr\/index.php\/wp-json\/wp\/v2\/comments?post=8086"}],"version-history":[{"count":3,"href":"https:\/\/www.lebreuilbourgogne.fr\/index.php\/wp-json\/wp\/v2\/posts\/8086\/revisions"}],"predecessor-version":[{"id":8092,"href":"https:\/\/www.lebreuilbourgogne.fr\/index.php\/wp-json\/wp\/v2\/posts\/8086\/revisions\/8092"}],"wp:featuredmedia":[{"embeddable":true,"href":"https:\/\/www.lebreuilbourgogne.fr\/index.php\/wp-json\/wp\/v2\/media\/8088"}],"wp:attachment":[{"href":"https:\/\/www.lebreuilbourgogne.fr\/index.php\/wp-json\/wp\/v2\/media?parent=8086"}],"wp:term":[{"taxonomy":"category","embeddable":true,"href":"https:\/\/www.lebreuilbourgogne.fr\/index.php\/wp-json\/wp\/v2\/categories?post=8086"},{"taxonomy":"post_tag","embeddable":true,"href":"https:\/\/www.lebreuilbourgogne.fr\/index.php\/wp-json\/wp\/v2\/tags?post=8086"}],"curies":[{"name":"wp","href":"https:\/\/api.w.org\/{rel}","templated":true}]}}